{"id":164074,"date":"2026-09-04T15:01:26","date_gmt":"2026-09-04T13:01:26","guid":{"rendered":"https:\/\/alumniunige.ch\/edouard-et-marguerite-naville-a-la-rencontre-de-legypte-antique\/"},"modified":"2026-09-04T19:00:42","modified_gmt":"2026-09-04T17:00:42","slug":"edouard-et-marguerite-naville-a-la-rencontre-de-legypte-antique","status":"publish","type":"post","link":"https:\/\/alumniunige.ch\/en\/edouard-et-marguerite-naville-a-la-rencontre-de-legypte-antique\/","title":{"rendered":"Exposition &#8220;\u00c9douard et Marguerite Naville. \u00c0 la rencontre de l&#8217;\u00c9gypte antique&#8221;  &#8211; visite guid\u00e9e &#8211; 17 septembre"},"content":{"rendered":"<p>De: jeudi 17 septembre 2026 18:00 \u00e0 jeudi 17 septembre 2026 19:00<\/br><\/p>\n<p><img decoding=\"async\" align=\"left\" alt=\"\" class=\"iw-rte-image-inline\" hspace=\"5\" src=\"https:\/\/alumniunige.ch\/custom\/ugva\/imgcache\/64ca4897395c99af987a1c9575420bc3.png\" style=\"width:33%;float:left;margin-right:12px;max-width:100%;\" title=\"\" vspace=\"3\" width=\"171\">L\u2019ann\u00e9e 2026 marque le centenaire de la mort d\u2019\u00c9douard Naville, premier \u00e9gyptologue suisse et premier titulaire de la chaire d\u2019\u00e9gyptologie \u00e0 l\u2019UNIGE. \u00c9douard Naville a marqu\u00e9 son \u00e9poque par son engagement politique, religieux et humanitaire tout en contribuant \u00e0 faire de Gen\u00e8ve un centre majeur pour l\u2019\u00e9tude de l\u2019\u00c9gypte antique. De nombreux objets pharaoniques, aujourd\u2019hui conserv\u00e9s au MAH, proviennent de ses fouilles, men\u00e9es en collaboration avec son \u00e9pouse, Marguerite Naville. Longtemps rest\u00e9e dans l\u2019ombre, celle-ci est d\u00e9sormais reconnue comme une \u00e9gyptologue \u00e0 part enti\u00e8re. Leurs archives offrent un regard sur une p\u00e9riode cl\u00e9 de l\u2019arch\u00e9ologie \u00e9gyptienne et les valeurs genevoises au tournant du XXe si\u00e8cle.<\/p>\n<p><\/br><\/br>Lieu: \u00a0Mus\u00e9e d\u2019art et d\u2019histoire, rue Charles-Galland 2 \u2013 1206 Gen\u00e8ve<\/br><\/br>Lien GoogleMap: <a href=\"https:\/\/maps.app.goo.gl\/W8Vq7Ex62pD2pvEx9\"> Voir<\/a><\/br><\/br><!--more--><\/br><\/br>S&#8217;inscrire \u00e0 cet \u00e9v\u00e9nement <a href=\"https:\/\/alumniunige.ch\/portal\/index.php?redirect=MDViYWU1YTBhYjk3NTdjZDNmZmE5ODhhM0Y%2Fv1iRggqy8ONaopvVsF%2FtqlMxPO4J3mCVTmab9XHgeoVGfW5HQHUdRZ2C3EKe%2BiSgRO91eYxm\">sur notre plate-forme<\/a>. <\/br><\/br>Pas encore inscrit ? <a href=\"https:\/\/alumniunige.ch\/association\/#devenir-membre\">Devenez membre d\u2019Alumni UNIGE<\/a>.<\/p>\n","protected":false},"excerpt":{"rendered":"<p>De: jeudi 17 septembre 2026 18:00 \u00e0 jeudi 17 septembre 2026 19:00<\/br><\/br><\/p>\n<p><img decoding=\"async\" align=\"left\" alt=\"\" class=\"iw-rte-image-inline\" hspace=\"5\" src=\"https:\/\/alumniunige.ch\/custom\/ugva\/imgcache\/64ca4897395c99af987a1c9575420bc3.png\" style=\"width:33%;float:left;margin-right:12px;max-width:100%;\" title=\"\" vspace=\"3\" width=\"171\">L\u2019ann\u00e9e 2026 marque le centenaire de la mort d\u2019\u00c9douard Naville, premier \u00e9gyptologue suisse et premier titulaire de la chaire d\u2019\u00e9gyptologie \u00e0 l\u2019UNIGE. \u00c9douard Naville a marqu\u00e9 son \u00e9poque par son engagement politique, religieux et humanitaire tout en contribuant \u00e0 faire de Gen\u00e8ve un centre majeur pour l\u2019\u00e9tude de l\u2019\u00c9gypte antique. De nombreux objets pharaoniques, aujourd\u2019hui conserv\u00e9s au MAH, proviennent de ses fouilles, men\u00e9es en collaboration avec son \u00e9pouse, Marguerite Naville. Longtemps rest\u00e9e dans l\u2019ombre, celle-ci est d\u00e9sormais reconnue comme une \u00e9gyptologue \u00e0 part enti\u00e8re. Leurs archives offrent un regard sur une p\u00e9riode cl\u00e9 de l\u2019arch\u00e9ologie \u00e9gyptienne et les valeurs genevoises au tournant du XXe si\u00e8cle.<\/p>\n<p><\/br><\/br>Lieu: \u00a0Mus\u00e9e d\u2019art et d\u2019histoire, rue Charles-Galland 2 \u2013 1206 Gen\u00e8ve<\/br><\/br>Lien GoogleMap: <a href=\"https:\/\/maps.app.goo.gl\/W8Vq7Ex62pD2pvEx9\"> Voir<\/a><\/p>\n","protected":false},"author":8,"featured_media":0,"comment_status":"closed","ping_status":"closed","sticky":false,"template":"","format":"standard","meta":{"_acf_changed":false,"footnotes":"","_members_access_role":[],"_members_access_error":""},"categories":[64],"tags":[],"class_list":["post-164074","post","type-post","status-publish","format-standard","hentry","category-unige-events-en"],"acf":{"peoplepath_id":"1631"},"yoast_head":"<!-- This site is optimized with the Yoast SEO plugin v28.4 - https:\/\/yoast.com\/product\/yoast-seo-wordpress\/ -->\n<title>Exposition &quot;\u00c9douard et Marguerite Naville. \u00c0 la rencontre de l&#039;\u00c9gypte antique&quot; - visite guid\u00e9e - 17 septembre - ALUMNI - UNIGE<\/title>\n<meta name=\"robots\" content=\"index, follow, max-snippet:-1, max-image-preview:large, max-video-preview:-1\" \/>\n<link rel=\"canonical\" href=\"https:\/\/alumniunige.ch\/en\/edouard-et-marguerite-naville-a-la-rencontre-de-legypte-antique\/\" \/>\n<meta property=\"og:locale\" content=\"en_US\" \/>\n<meta property=\"og:type\" content=\"article\" \/>\n<meta property=\"og:title\" content=\"Exposition &quot;\u00c9douard et Marguerite Naville. \u00c0 la rencontre de l&#039;\u00c9gypte antique&quot; - visite guid\u00e9e - 17 septembre - ALUMNI - UNIGE\" \/>\n<meta property=\"og:description\" content=\"De: jeudi 17 septembre 2026 18:00 \u00e0 jeudi 17 septembre 2026 19:00L\u2019ann\u00e9e 2026 marque le centenaire de la mort d\u2019\u00c9douard Naville, premier \u00e9gyptologue suisse et premier titulaire de la chaire d\u2019\u00e9gyptologie \u00e0 l\u2019UNIGE. \u00c9douard Naville a marqu\u00e9 son \u00e9poque par son engagement politique, religieux et humanitaire tout en contribuant \u00e0 faire de Gen\u00e8ve un centre majeur pour l\u2019\u00e9tude de l\u2019\u00c9gypte antique. De nombreux objets pharaoniques, aujourd\u2019hui conserv\u00e9s au MAH, proviennent de ses fouilles, men\u00e9es en collaboration avec son \u00e9pouse, Marguerite Naville. Longtemps rest\u00e9e dans l\u2019ombre, celle-ci est d\u00e9sormais reconnue comme une \u00e9gyptologue \u00e0 part enti\u00e8re. Leurs archives offrent un regard sur une p\u00e9riode cl\u00e9 de l\u2019arch\u00e9ologie \u00e9gyptienne et les valeurs genevoises au tournant du XXe si\u00e8cle.Lieu: \u00a0Mus\u00e9e d\u2019art et d\u2019histoire, rue Charles-Galland 2 \u2013 1206 Gen\u00e8veLien GoogleMap: Voir\" \/>\n<meta property=\"og:url\" content=\"https:\/\/alumniunige.ch\/en\/edouard-et-marguerite-naville-a-la-rencontre-de-legypte-antique\/\" \/>\n<meta property=\"og:site_name\" content=\"ALUMNI - UNIGE\" \/>\n<meta property=\"article:published_time\" content=\"2026-09-04T13:01:26+00:00\" \/>\n<meta property=\"article:modified_time\" content=\"2026-09-04T17:00:42+00:00\" \/>\n<meta property=\"og:image\" content=\"https:\/\/alumniunige.ch\/custom\/ugva\/imgcache\/64ca4897395c99af987a1c9575420bc3.png\" \/>\n<meta name=\"author\" content=\"website.integration\" \/>\n<meta name=\"twitter:card\" content=\"summary_large_image\" \/>\n<meta name=\"twitter:label1\" content=\"Written by\" \/>\n\t<meta name=\"twitter:data1\" content=\"website.integration\" \/>\n\t<meta name=\"twitter:label2\" content=\"Est. reading time\" \/>\n\t<meta name=\"twitter:data2\" content=\"1 minute\" \/>\n<script type=\"application\/ld+json\" class=\"yoast-schema-graph\">{\"@context\":\"https:\\\/\\\/schema.org\",\"@graph\":[{\"@type\":\"Article\",\"@id\":\"https:\\\/\\\/alumniunige.ch\\\/en\\\/edouard-et-marguerite-naville-a-la-rencontre-de-legypte-antique\\\/#article\",\"isPartOf\":{\"@id\":\"https:\\\/\\\/alumniunige.ch\\\/en\\\/edouard-et-marguerite-naville-a-la-rencontre-de-legypte-antique\\\/\"},\"author\":{\"name\":\"website.integration\",\"@id\":\"https:\\\/\\\/alumniunige.ch\\\/#\\\/schema\\\/person\\\/7b36591277922527cb7e723b9c3d4627\"},\"headline\":\"Exposition &#8220;\u00c9douard et Marguerite Naville. \u00c0 la rencontre de l&#8217;\u00c9gypte antique&#8221; &#8211; visite guid\u00e9e &#8211; 17 septembre\",\"datePublished\":\"2026-09-04T13:01:26+00:00\",\"dateModified\":\"2026-09-04T17:00:42+00:00\",\"mainEntityOfPage\":{\"@id\":\"https:\\\/\\\/alumniunige.ch\\\/en\\\/edouard-et-marguerite-naville-a-la-rencontre-de-legypte-antique\\\/\"},\"wordCount\":173,\"image\":{\"@id\":\"https:\\\/\\\/alumniunige.ch\\\/en\\\/edouard-et-marguerite-naville-a-la-rencontre-de-legypte-antique\\\/#primaryimage\"},\"thumbnailUrl\":\"https:\\\/\\\/alumniunige.ch\\\/custom\\\/ugva\\\/imgcache\\\/64ca4897395c99af987a1c9575420bc3.png\",\"articleSection\":[\"EVENTS\"],\"inLanguage\":\"en-US\"},{\"@type\":\"WebPage\",\"@id\":\"https:\\\/\\\/alumniunige.ch\\\/en\\\/edouard-et-marguerite-naville-a-la-rencontre-de-legypte-antique\\\/\",\"url\":\"https:\\\/\\\/alumniunige.ch\\\/en\\\/edouard-et-marguerite-naville-a-la-rencontre-de-legypte-antique\\\/\",\"name\":\"Exposition \\\"\u00c9douard et Marguerite Naville. \u00c0 la rencontre de l'\u00c9gypte antique\\\" - visite guid\u00e9e - 17 septembre - ALUMNI - UNIGE\",\"isPartOf\":{\"@id\":\"https:\\\/\\\/alumniunige.ch\\\/#website\"},\"primaryImageOfPage\":{\"@id\":\"https:\\\/\\\/alumniunige.ch\\\/en\\\/edouard-et-marguerite-naville-a-la-rencontre-de-legypte-antique\\\/#primaryimage\"},\"image\":{\"@id\":\"https:\\\/\\\/alumniunige.ch\\\/en\\\/edouard-et-marguerite-naville-a-la-rencontre-de-legypte-antique\\\/#primaryimage\"},\"thumbnailUrl\":\"https:\\\/\\\/alumniunige.ch\\\/custom\\\/ugva\\\/imgcache\\\/64ca4897395c99af987a1c9575420bc3.png\",\"datePublished\":\"2026-09-04T13:01:26+00:00\",\"dateModified\":\"2026-09-04T17:00:42+00:00\",\"author\":{\"@id\":\"https:\\\/\\\/alumniunige.ch\\\/#\\\/schema\\\/person\\\/7b36591277922527cb7e723b9c3d4627\"},\"breadcrumb\":{\"@id\":\"https:\\\/\\\/alumniunige.ch\\\/en\\\/edouard-et-marguerite-naville-a-la-rencontre-de-legypte-antique\\\/#breadcrumb\"},\"inLanguage\":\"en-US\",\"potentialAction\":[{\"@type\":\"ReadAction\",\"target\":[\"https:\\\/\\\/alumniunige.ch\\\/en\\\/edouard-et-marguerite-naville-a-la-rencontre-de-legypte-antique\\\/\"]}]},{\"@type\":\"ImageObject\",\"inLanguage\":\"en-US\",\"@id\":\"https:\\\/\\\/alumniunige.ch\\\/en\\\/edouard-et-marguerite-naville-a-la-rencontre-de-legypte-antique\\\/#primaryimage\",\"url\":\"https:\\\/\\\/alumniunige.ch\\\/custom\\\/ugva\\\/imgcache\\\/64ca4897395c99af987a1c9575420bc3.png\",\"contentUrl\":\"https:\\\/\\\/alumniunige.ch\\\/custom\\\/ugva\\\/imgcache\\\/64ca4897395c99af987a1c9575420bc3.png\"},{\"@type\":\"BreadcrumbList\",\"@id\":\"https:\\\/\\\/alumniunige.ch\\\/en\\\/edouard-et-marguerite-naville-a-la-rencontre-de-legypte-antique\\\/#breadcrumb\",\"itemListElement\":[{\"@type\":\"ListItem\",\"position\":1,\"name\":\"Startseite\",\"item\":\"https:\\\/\\\/alumniunige.ch\\\/en\\\/\"},{\"@type\":\"ListItem\",\"position\":2,\"name\":\"Exposition &#8220;\u00c9douard et Marguerite Naville. \u00c0 la rencontre de l&#8217;\u00c9gypte antique&#8221; &#8211; visite guid\u00e9e &#8211; 17 septembre\"}]},{\"@type\":\"WebSite\",\"@id\":\"https:\\\/\\\/alumniunige.ch\\\/#website\",\"url\":\"https:\\\/\\\/alumniunige.ch\\\/\",\"name\":\"ALUMNI - UNIGE\",\"description\":\"Universit\u00e9 de Gen\u00e8ve\",\"potentialAction\":[{\"@type\":\"SearchAction\",\"target\":{\"@type\":\"EntryPoint\",\"urlTemplate\":\"https:\\\/\\\/alumniunige.ch\\\/?s={search_term_string}\"},\"query-input\":{\"@type\":\"PropertyValueSpecification\",\"valueRequired\":true,\"valueName\":\"search_term_string\"}}],\"inLanguage\":\"en-US\"},{\"@type\":\"Person\",\"@id\":\"https:\\\/\\\/alumniunige.ch\\\/#\\\/schema\\\/person\\\/7b36591277922527cb7e723b9c3d4627\",\"name\":\"website.integration\",\"image\":{\"@type\":\"ImageObject\",\"inLanguage\":\"en-US\",\"@id\":\"https:\\\/\\\/secure.gravatar.com\\\/avatar\\\/a41cf11cca3cc95e198870ccc5040570d1bf056b2402fe8f0a59c2a326845955?s=96&d=mm&r=g\",\"url\":\"https:\\\/\\\/secure.gravatar.com\\\/avatar\\\/a41cf11cca3cc95e198870ccc5040570d1bf056b2402fe8f0a59c2a326845955?s=96&d=mm&r=g\",\"contentUrl\":\"https:\\\/\\\/secure.gravatar.com\\\/avatar\\\/a41cf11cca3cc95e198870ccc5040570d1bf056b2402fe8f0a59c2a326845955?s=96&d=mm&r=g\",\"caption\":\"website.integration\"},\"url\":\"https:\\\/\\\/alumniunige.ch\\\/en\\\/author\\\/website-integration\\\/\"}]}<\/script>\n<!-- \/ Yoast SEO plugin. -->","yoast_head_json":{"title":"Exposition \"\u00c9douard et Marguerite Naville. \u00c0 la rencontre de l'\u00c9gypte antique\" - visite guid\u00e9e - 17 septembre - ALUMNI - UNIGE","robots":{"index":"index","follow":"follow","max-snippet":"max-snippet:-1","max-image-preview":"max-image-preview:large","max-video-preview":"max-video-preview:-1"},"canonical":"https:\/\/alumniunige.ch\/en\/edouard-et-marguerite-naville-a-la-rencontre-de-legypte-antique\/","og_locale":"en_US","og_type":"article","og_title":"Exposition \"\u00c9douard et Marguerite Naville. \u00c0 la rencontre de l'\u00c9gypte antique\" - visite guid\u00e9e - 17 septembre - ALUMNI - UNIGE","og_description":"De: jeudi 17 septembre 2026 18:00 \u00e0 jeudi 17 septembre 2026 19:00L\u2019ann\u00e9e 2026 marque le centenaire de la mort d\u2019\u00c9douard Naville, premier \u00e9gyptologue suisse et premier titulaire de la chaire d\u2019\u00e9gyptologie \u00e0 l\u2019UNIGE. \u00c9douard Naville a marqu\u00e9 son \u00e9poque par son engagement politique, religieux et humanitaire tout en contribuant \u00e0 faire de Gen\u00e8ve un centre majeur pour l\u2019\u00e9tude de l\u2019\u00c9gypte antique. De nombreux objets pharaoniques, aujourd\u2019hui conserv\u00e9s au MAH, proviennent de ses fouilles, men\u00e9es en collaboration avec son \u00e9pouse, Marguerite Naville. Longtemps rest\u00e9e dans l\u2019ombre, celle-ci est d\u00e9sormais reconnue comme une \u00e9gyptologue \u00e0 part enti\u00e8re. Leurs archives offrent un regard sur une p\u00e9riode cl\u00e9 de l\u2019arch\u00e9ologie \u00e9gyptienne et les valeurs genevoises au tournant du XXe si\u00e8cle.Lieu: \u00a0Mus\u00e9e d\u2019art et d\u2019histoire, rue Charles-Galland 2 \u2013 1206 Gen\u00e8veLien GoogleMap: Voir","og_url":"https:\/\/alumniunige.ch\/en\/edouard-et-marguerite-naville-a-la-rencontre-de-legypte-antique\/","og_site_name":"ALUMNI - UNIGE","article_published_time":"2026-09-04T13:01:26+00:00","article_modified_time":"2026-09-04T17:00:42+00:00","og_image":[{"url":"https:\/\/alumniunige.ch\/custom\/ugva\/imgcache\/64ca4897395c99af987a1c9575420bc3.png","type":"","width":"","height":""}],"author":"website.integration","twitter_card":"summary_large_image","twitter_misc":{"Written by":"website.integration","Est. reading time":"1 minute"},"schema":{"@context":"https:\/\/schema.org","@graph":[{"@type":"Article","@id":"https:\/\/alumniunige.ch\/en\/edouard-et-marguerite-naville-a-la-rencontre-de-legypte-antique\/#article","isPartOf":{"@id":"https:\/\/alumniunige.ch\/en\/edouard-et-marguerite-naville-a-la-rencontre-de-legypte-antique\/"},"author":{"name":"website.integration","@id":"https:\/\/alumniunige.ch\/#\/schema\/person\/7b36591277922527cb7e723b9c3d4627"},"headline":"Exposition &#8220;\u00c9douard et Marguerite Naville. \u00c0 la rencontre de l&#8217;\u00c9gypte antique&#8221; &#8211; visite guid\u00e9e &#8211; 17 septembre","datePublished":"2026-09-04T13:01:26+00:00","dateModified":"2026-09-04T17:00:42+00:00","mainEntityOfPage":{"@id":"https:\/\/alumniunige.ch\/en\/edouard-et-marguerite-naville-a-la-rencontre-de-legypte-antique\/"},"wordCount":173,"image":{"@id":"https:\/\/alumniunige.ch\/en\/edouard-et-marguerite-naville-a-la-rencontre-de-legypte-antique\/#primaryimage"},"thumbnailUrl":"https:\/\/alumniunige.ch\/custom\/ugva\/imgcache\/64ca4897395c99af987a1c9575420bc3.png","articleSection":["EVENTS"],"inLanguage":"en-US"},{"@type":"WebPage","@id":"https:\/\/alumniunige.ch\/en\/edouard-et-marguerite-naville-a-la-rencontre-de-legypte-antique\/","url":"https:\/\/alumniunige.ch\/en\/edouard-et-marguerite-naville-a-la-rencontre-de-legypte-antique\/","name":"Exposition \"\u00c9douard et Marguerite Naville. \u00c0 la rencontre de l'\u00c9gypte antique\" - visite guid\u00e9e - 17 septembre - ALUMNI - UNIGE","isPartOf":{"@id":"https:\/\/alumniunige.ch\/#website"},"primaryImageOfPage":{"@id":"https:\/\/alumniunige.ch\/en\/edouard-et-marguerite-naville-a-la-rencontre-de-legypte-antique\/#primaryimage"},"image":{"@id":"https:\/\/alumniunige.ch\/en\/edouard-et-marguerite-naville-a-la-rencontre-de-legypte-antique\/#primaryimage"},"thumbnailUrl":"https:\/\/alumniunige.ch\/custom\/ugva\/imgcache\/64ca4897395c99af987a1c9575420bc3.png","datePublished":"2026-09-04T13:01:26+00:00","dateModified":"2026-09-04T17:00:42+00:00","author":{"@id":"https:\/\/alumniunige.ch\/#\/schema\/person\/7b36591277922527cb7e723b9c3d4627"},"breadcrumb":{"@id":"https:\/\/alumniunige.ch\/en\/edouard-et-marguerite-naville-a-la-rencontre-de-legypte-antique\/#breadcrumb"},"inLanguage":"en-US","potentialAction":[{"@type":"ReadAction","target":["https:\/\/alumniunige.ch\/en\/edouard-et-marguerite-naville-a-la-rencontre-de-legypte-antique\/"]}]},{"@type":"ImageObject","inLanguage":"en-US","@id":"https:\/\/alumniunige.ch\/en\/edouard-et-marguerite-naville-a-la-rencontre-de-legypte-antique\/#primaryimage","url":"https:\/\/alumniunige.ch\/custom\/ugva\/imgcache\/64ca4897395c99af987a1c9575420bc3.png","contentUrl":"https:\/\/alumniunige.ch\/custom\/ugva\/imgcache\/64ca4897395c99af987a1c9575420bc3.png"},{"@type":"BreadcrumbList","@id":"https:\/\/alumniunige.ch\/en\/edouard-et-marguerite-naville-a-la-rencontre-de-legypte-antique\/#breadcrumb","itemListElement":[{"@type":"ListItem","position":1,"name":"Startseite","item":"https:\/\/alumniunige.ch\/en\/"},{"@type":"ListItem","position":2,"name":"Exposition &#8220;\u00c9douard et Marguerite Naville. \u00c0 la rencontre de l&#8217;\u00c9gypte antique&#8221; &#8211; visite guid\u00e9e &#8211; 17 septembre"}]},{"@type":"WebSite","@id":"https:\/\/alumniunige.ch\/#website","url":"https:\/\/alumniunige.ch\/","name":"ALUMNI - UNIGE","description":"Universit\u00e9 de Gen\u00e8ve","potentialAction":[{"@type":"SearchAction","target":{"@type":"EntryPoint","urlTemplate":"https:\/\/alumniunige.ch\/?s={search_term_string}"},"query-input":{"@type":"PropertyValueSpecification","valueRequired":true,"valueName":"search_term_string"}}],"inLanguage":"en-US"},{"@type":"Person","@id":"https:\/\/alumniunige.ch\/#\/schema\/person\/7b36591277922527cb7e723b9c3d4627","name":"website.integration","image":{"@type":"ImageObject","inLanguage":"en-US","@id":"https:\/\/secure.gravatar.com\/avatar\/a41cf11cca3cc95e198870ccc5040570d1bf056b2402fe8f0a59c2a326845955?s=96&d=mm&r=g","url":"https:\/\/secure.gravatar.com\/avatar\/a41cf11cca3cc95e198870ccc5040570d1bf056b2402fe8f0a59c2a326845955?s=96&d=mm&r=g","contentUrl":"https:\/\/secure.gravatar.com\/avatar\/a41cf11cca3cc95e198870ccc5040570d1bf056b2402fe8f0a59c2a326845955?s=96&d=mm&r=g","caption":"website.integration"},"url":"https:\/\/alumniunige.ch\/en\/author\/website-integration\/"}]}},"_links":{"self":[{"href":"https:\/\/alumniunige.ch\/en\/wp-json\/wp\/v2\/posts\/164074","targetHints":{"allow":["GET"]}}],"collection":[{"href":"https:\/\/alumniunige.ch\/en\/wp-json\/wp\/v2\/posts"}],"about":[{"href":"https:\/\/alumniunige.ch\/en\/wp-json\/wp\/v2\/types\/post"}],"author":[{"embeddable":true,"href":"https:\/\/alumniunige.ch\/en\/wp-json\/wp\/v2\/users\/8"}],"replies":[{"embeddable":true,"href":"https:\/\/alumniunige.ch\/en\/wp-json\/wp\/v2\/comments?post=164074"}],"version-history":[{"count":1,"href":"https:\/\/alumniunige.ch\/en\/wp-json\/wp\/v2\/posts\/164074\/revisions"}],"predecessor-version":[{"id":164076,"href":"https:\/\/alumniunige.ch\/en\/wp-json\/wp\/v2\/posts\/164074\/revisions\/164076"}],"wp:attachment":[{"href":"https:\/\/alumniunige.ch\/en\/wp-json\/wp\/v2\/media?parent=164074"}],"wp:term":[{"taxonomy":"category","embeddable":true,"href":"https:\/\/alumniunige.ch\/en\/wp-json\/wp\/v2\/categories?post=164074"},{"taxonomy":"post_tag","embeddable":true,"href":"https:\/\/alumniunige.ch\/en\/wp-json\/wp\/v2\/tags?post=164074"}],"curies":[{"name":"wp","href":"https:\/\/api.w.org\/{rel}","templated":true}]}}