{"id":164057,"date":"2026-09-04T13:00:57","date_gmt":"2026-09-04T11:00:57","guid":{"rendered":"https:\/\/alumniunige.ch\/semaine-de-la-democratie-2026-parcours-immersif-du-3-octobre\/"},"modified":"2026-09-04T19:00:49","modified_gmt":"2026-09-04T17:00:49","slug":"semaine-de-la-democratie-2026-parcours-immersif-du-3-octobre","status":"publish","type":"post","link":"https:\/\/alumniunige.ch\/en\/semaine-de-la-democratie-2026-parcours-immersif-du-3-octobre\/","title":{"rendered":"Semaine de la d\u00e9mocratie 2026 : Parcours immersif du 3 octobre"},"content":{"rendered":"<p>De: samedi 03 octobre 2026 14:00 \u00e0 samedi 03 octobre 2026 18:00<\/br><\/p>\n<p>Dans le cadre de la 5e \u00e9dition de la Semaine de la d\u00e9mocratie, le comit\u00e9 d\u2019organisation met en place un parcours urbain immersif intitul\u00e9 <strong>\u00ab Explorer Gen\u00e8ve : D\u00e9mocratie, Philanthropie et Institutions internationales \u00bb<\/strong>. Le samedi <strong>3 octobre<\/strong>, <strong>de 14h \u00e0 18h<\/strong>, ce parcours invite le grand public \u00e0 d\u00e9couvrir quatre lieux embl\u00e9matiques de la Gen\u00e8ve internationale et de la d\u00e9mocratie:\u00a0<strong>1) la Maison des fondations, 2) la Tour RTS, 3) la Maison de la Paix et enfin, 4) le Portail des Nations<\/strong>.<\/p>\n<p>Une occasion de mieux comprendre les liens entre d\u00e9mocratie, philanthropie et institutions internationales \u00e0 travers une exp\u00e9rience immersive au c\u0153ur de Gen\u00e8ve. L&#8217;inscription au parcours sera obligatoire et les participantes et participants se d\u00e9placeront en transports publics entre les diff\u00e9rentes \u00e9tapes au cours de l&#8217;apr\u00e8s-midi. Un bus TPG gratuit sera \u00e0 disposition sur l\u2019ensemble du parcours.<\/p>\n<p><a class=\"iw-rte-link-inline\" href=\"https:\/\/www.graduateinstitute.ch\/communications\/events\/explorer-geneve-democratie-philanthropie-et-institutions-internationales\" target=\"_blank\" rel=\"noreferrer noopener\">Plus d&#8217;informations<\/a><\/p>\n<p><\/br><\/br>Lieu: \u00a0Maison des fondations, Tour RTS, Maison de la Paix, Portail des Nations<\/br><\/br>Lien GoogleMap: <a href=\"\"> Voir<\/a><\/br><\/br><!--more--><\/br><\/br>S&#8217;inscrire \u00e0 cet \u00e9v\u00e9nement <a href=\"https:\/\/alumniunige.ch\/portal\/index.php?redirect=MzA2MDY2NDg5NmNjNTViZDFmM2ZiZTM2VwqD4eADoAE9fdM6NvWVvR%2BTbtMNGLskUPjdmVvZ%2F8tHxoRU9gMG2lS9ap2Lupjrds6XTzTwW2DV\">sur notre plate-forme<\/a>. <\/br><\/br>Pas encore inscrit ? <a href=\"https:\/\/alumniunige.ch\/association\/#devenir-membre\">Devenez membre d\u2019Alumni UNIGE<\/a>.<\/p>\n","protected":false},"excerpt":{"rendered":"<p>De: samedi 03 octobre 2026 14:00 \u00e0 samedi 03 octobre 2026 18:00<\/br><\/br><\/p>\n<p>Dans le cadre de la 5e \u00e9dition de la Semaine de la d\u00e9mocratie, le comit\u00e9 d\u2019organisation met en place un parcours urbain immersif intitul\u00e9 <strong>\u00ab Explorer Gen\u00e8ve : D\u00e9mocratie, Philanthropie et Institutions internationales \u00bb<\/strong>. Le samedi <strong>3 octobre<\/strong>, <strong>de 14h \u00e0 18h<\/strong>, ce parcours invite le grand public \u00e0 d\u00e9couvrir quatre lieux embl\u00e9matiques de la Gen\u00e8ve internationale et de la d\u00e9mocratie:\u00a0<strong>1) la Maison des fondations, 2) la Tour RTS, 3) la Maison de la Paix et enfin, 4) le Portail des Nations<\/strong>.<\/p>\n<p>Une occasion de mieux comprendre les liens entre d\u00e9mocratie, philanthropie et institutions internationales \u00e0 travers une exp\u00e9rience immersive au c\u0153ur de Gen\u00e8ve. L&#8217;inscription au parcours sera obligatoire et les participantes et participants se d\u00e9placeront en transports publics entre les diff\u00e9rentes \u00e9tapes au cours de l&#8217;apr\u00e8s-midi. Un bus TPG gratuit sera \u00e0 disposition sur l\u2019ensemble du parcours.<\/p>\n<p><a class=\"iw-rte-link-inline\" href=\"https:\/\/www.graduateinstitute.ch\/communications\/events\/explorer-geneve-democratie-philanthropie-et-institutions-internationales\" target=\"_blank\" rel=\"noreferrer noopener\">Plus d&#8217;informations<\/a><\/p>\n<p><\/br><\/br>Lieu: \u00a0Maison des fondations, Tour RTS, Maison de la Paix, Portail des Nations<\/br><\/br>Lien GoogleMap: <a href=\"\"> Voir<\/a><\/p>\n","protected":false},"author":8,"featured_media":164055,"comment_status":"closed","ping_status":"closed","sticky":false,"template":"","format":"standard","meta":{"_acf_changed":false,"footnotes":"","_members_access_role":[],"_members_access_error":""},"categories":[64],"tags":[],"class_list":["post-164057","post","type-post","status-publish","format-standard","has-post-thumbnail","hentry","category-unige-events-en"],"acf":{"peoplepath_id":"1632"},"yoast_head":"<!-- This site is optimized with the Yoast SEO plugin v28.4 - https:\/\/yoast.com\/product\/yoast-seo-wordpress\/ -->\n<title>Semaine de la d\u00e9mocratie 2026 : Parcours immersif du 3 octobre - ALUMNI - UNIGE<\/title>\n<meta name=\"robots\" content=\"index, follow, max-snippet:-1, max-image-preview:large, max-video-preview:-1\" \/>\n<link rel=\"canonical\" href=\"https:\/\/alumniunige.ch\/en\/semaine-de-la-democratie-2026-parcours-immersif-du-3-octobre\/\" \/>\n<meta property=\"og:locale\" content=\"en_US\" \/>\n<meta property=\"og:type\" content=\"article\" \/>\n<meta property=\"og:title\" content=\"Semaine de la d\u00e9mocratie 2026 : Parcours immersif du 3 octobre - ALUMNI - UNIGE\" \/>\n<meta property=\"og:description\" content=\"De: samedi 03 octobre 2026 14:00 \u00e0 samedi 03 octobre 2026 18:00Dans le cadre de la 5e \u00e9dition de la Semaine de la d\u00e9mocratie, le comit\u00e9 d\u2019organisation met en place un parcours urbain immersif intitul\u00e9 \u00ab Explorer Gen\u00e8ve : D\u00e9mocratie, Philanthropie et Institutions internationales \u00bb. Le samedi 3 octobre, de 14h \u00e0 18h, ce parcours invite le grand public \u00e0 d\u00e9couvrir quatre lieux embl\u00e9matiques de la Gen\u00e8ve internationale et de la d\u00e9mocratie:\u00a01) la Maison des fondations, 2) la Tour RTS, 3) la Maison de la Paix et enfin, 4) le Portail des Nations.Une occasion de mieux comprendre les liens entre d\u00e9mocratie, philanthropie et institutions internationales \u00e0 travers une exp\u00e9rience immersive au c\u0153ur de Gen\u00e8ve. L&#039;inscription au parcours sera obligatoire et les participantes et participants se d\u00e9placeront en transports publics entre les diff\u00e9rentes \u00e9tapes au cours de l&#039;apr\u00e8s-midi. Un bus TPG gratuit sera \u00e0 disposition sur l\u2019ensemble du parcours.Plus d&#039;informationsLieu: \u00a0Maison des fondations, Tour RTS, Maison de la Paix, Portail des NationsLien GoogleMap: Voir\" \/>\n<meta property=\"og:url\" content=\"https:\/\/alumniunige.ch\/en\/semaine-de-la-democratie-2026-parcours-immersif-du-3-octobre\/\" \/>\n<meta property=\"og:site_name\" content=\"ALUMNI - UNIGE\" \/>\n<meta property=\"article:published_time\" content=\"2026-09-04T11:00:57+00:00\" \/>\n<meta property=\"article:modified_time\" content=\"2026-09-04T17:00:49+00:00\" \/>\n<meta property=\"og:image\" content=\"https:\/\/alumniunige.ch\/wp-content\/uploads\/2026\/09\/events_1632.png\" \/>\n\t<meta property=\"og:image:width\" content=\"865\" \/>\n\t<meta property=\"og:image:height\" content=\"261\" \/>\n\t<meta property=\"og:image:type\" content=\"image\/png\" \/>\n<meta name=\"author\" content=\"website.integration\" \/>\n<meta name=\"twitter:card\" content=\"summary_large_image\" \/>\n<meta name=\"twitter:label1\" content=\"Written by\" \/>\n\t<meta name=\"twitter:data1\" content=\"website.integration\" \/>\n\t<meta name=\"twitter:label2\" content=\"Est. reading time\" \/>\n\t<meta name=\"twitter:data2\" content=\"1 minute\" \/>\n<script type=\"application\/ld+json\" class=\"yoast-schema-graph\">{\"@context\":\"https:\\\/\\\/schema.org\",\"@graph\":[{\"@type\":\"Article\",\"@id\":\"https:\\\/\\\/alumniunige.ch\\\/en\\\/semaine-de-la-democratie-2026-parcours-immersif-du-3-octobre\\\/#article\",\"isPartOf\":{\"@id\":\"https:\\\/\\\/alumniunige.ch\\\/en\\\/semaine-de-la-democratie-2026-parcours-immersif-du-3-octobre\\\/\"},\"author\":{\"name\":\"website.integration\",\"@id\":\"https:\\\/\\\/alumniunige.ch\\\/#\\\/schema\\\/person\\\/7b36591277922527cb7e723b9c3d4627\"},\"headline\":\"Semaine de la d\u00e9mocratie 2026 : Parcours immersif du 3 octobre\",\"datePublished\":\"2026-09-04T11:00:57+00:00\",\"dateModified\":\"2026-09-04T17:00:49+00:00\",\"mainEntityOfPage\":{\"@id\":\"https:\\\/\\\/alumniunige.ch\\\/en\\\/semaine-de-la-democratie-2026-parcours-immersif-du-3-octobre\\\/\"},\"wordCount\":194,\"image\":{\"@id\":\"https:\\\/\\\/alumniunige.ch\\\/en\\\/semaine-de-la-democratie-2026-parcours-immersif-du-3-octobre\\\/#primaryimage\"},\"thumbnailUrl\":\"https:\\\/\\\/alumniunige.ch\\\/wp-content\\\/uploads\\\/2026\\\/09\\\/events_1632.png\",\"articleSection\":[\"EVENTS\"],\"inLanguage\":\"en-US\"},{\"@type\":\"WebPage\",\"@id\":\"https:\\\/\\\/alumniunige.ch\\\/en\\\/semaine-de-la-democratie-2026-parcours-immersif-du-3-octobre\\\/\",\"url\":\"https:\\\/\\\/alumniunige.ch\\\/en\\\/semaine-de-la-democratie-2026-parcours-immersif-du-3-octobre\\\/\",\"name\":\"Semaine de la d\u00e9mocratie 2026 : Parcours immersif du 3 octobre - ALUMNI - UNIGE\",\"isPartOf\":{\"@id\":\"https:\\\/\\\/alumniunige.ch\\\/#website\"},\"primaryImageOfPage\":{\"@id\":\"https:\\\/\\\/alumniunige.ch\\\/en\\\/semaine-de-la-democratie-2026-parcours-immersif-du-3-octobre\\\/#primaryimage\"},\"image\":{\"@id\":\"https:\\\/\\\/alumniunige.ch\\\/en\\\/semaine-de-la-democratie-2026-parcours-immersif-du-3-octobre\\\/#primaryimage\"},\"thumbnailUrl\":\"https:\\\/\\\/alumniunige.ch\\\/wp-content\\\/uploads\\\/2026\\\/09\\\/events_1632.png\",\"datePublished\":\"2026-09-04T11:00:57+00:00\",\"dateModified\":\"2026-09-04T17:00:49+00:00\",\"author\":{\"@id\":\"https:\\\/\\\/alumniunige.ch\\\/#\\\/schema\\\/person\\\/7b36591277922527cb7e723b9c3d4627\"},\"breadcrumb\":{\"@id\":\"https:\\\/\\\/alumniunige.ch\\\/en\\\/semaine-de-la-democratie-2026-parcours-immersif-du-3-octobre\\\/#breadcrumb\"},\"inLanguage\":\"en-US\",\"potentialAction\":[{\"@type\":\"ReadAction\",\"target\":[\"https:\\\/\\\/alumniunige.ch\\\/en\\\/semaine-de-la-democratie-2026-parcours-immersif-du-3-octobre\\\/\"]}]},{\"@type\":\"ImageObject\",\"inLanguage\":\"en-US\",\"@id\":\"https:\\\/\\\/alumniunige.ch\\\/en\\\/semaine-de-la-democratie-2026-parcours-immersif-du-3-octobre\\\/#primaryimage\",\"url\":\"https:\\\/\\\/alumniunige.ch\\\/wp-content\\\/uploads\\\/2026\\\/09\\\/events_1632.png\",\"contentUrl\":\"https:\\\/\\\/alumniunige.ch\\\/wp-content\\\/uploads\\\/2026\\\/09\\\/events_1632.png\",\"width\":865,\"height\":261},{\"@type\":\"BreadcrumbList\",\"@id\":\"https:\\\/\\\/alumniunige.ch\\\/en\\\/semaine-de-la-democratie-2026-parcours-immersif-du-3-octobre\\\/#breadcrumb\",\"itemListElement\":[{\"@type\":\"ListItem\",\"position\":1,\"name\":\"Startseite\",\"item\":\"https:\\\/\\\/alumniunige.ch\\\/en\\\/\"},{\"@type\":\"ListItem\",\"position\":2,\"name\":\"Semaine de la d\u00e9mocratie 2026 : Parcours immersif du 3 octobre\"}]},{\"@type\":\"WebSite\",\"@id\":\"https:\\\/\\\/alumniunige.ch\\\/#website\",\"url\":\"https:\\\/\\\/alumniunige.ch\\\/\",\"name\":\"ALUMNI - UNIGE\",\"description\":\"Universit\u00e9 de Gen\u00e8ve\",\"potentialAction\":[{\"@type\":\"SearchAction\",\"target\":{\"@type\":\"EntryPoint\",\"urlTemplate\":\"https:\\\/\\\/alumniunige.ch\\\/?s={search_term_string}\"},\"query-input\":{\"@type\":\"PropertyValueSpecification\",\"valueRequired\":true,\"valueName\":\"search_term_string\"}}],\"inLanguage\":\"en-US\"},{\"@type\":\"Person\",\"@id\":\"https:\\\/\\\/alumniunige.ch\\\/#\\\/schema\\\/person\\\/7b36591277922527cb7e723b9c3d4627\",\"name\":\"website.integration\",\"image\":{\"@type\":\"ImageObject\",\"inLanguage\":\"en-US\",\"@id\":\"https:\\\/\\\/secure.gravatar.com\\\/avatar\\\/a41cf11cca3cc95e198870ccc5040570d1bf056b2402fe8f0a59c2a326845955?s=96&d=mm&r=g\",\"url\":\"https:\\\/\\\/secure.gravatar.com\\\/avatar\\\/a41cf11cca3cc95e198870ccc5040570d1bf056b2402fe8f0a59c2a326845955?s=96&d=mm&r=g\",\"contentUrl\":\"https:\\\/\\\/secure.gravatar.com\\\/avatar\\\/a41cf11cca3cc95e198870ccc5040570d1bf056b2402fe8f0a59c2a326845955?s=96&d=mm&r=g\",\"caption\":\"website.integration\"},\"url\":\"https:\\\/\\\/alumniunige.ch\\\/en\\\/author\\\/website-integration\\\/\"}]}<\/script>\n<!-- \/ Yoast SEO plugin. -->","yoast_head_json":{"title":"Semaine de la d\u00e9mocratie 2026 : Parcours immersif du 3 octobre - ALUMNI - UNIGE","robots":{"index":"index","follow":"follow","max-snippet":"max-snippet:-1","max-image-preview":"max-image-preview:large","max-video-preview":"max-video-preview:-1"},"canonical":"https:\/\/alumniunige.ch\/en\/semaine-de-la-democratie-2026-parcours-immersif-du-3-octobre\/","og_locale":"en_US","og_type":"article","og_title":"Semaine de la d\u00e9mocratie 2026 : Parcours immersif du 3 octobre - ALUMNI - UNIGE","og_description":"De: samedi 03 octobre 2026 14:00 \u00e0 samedi 03 octobre 2026 18:00Dans le cadre de la 5e \u00e9dition de la Semaine de la d\u00e9mocratie, le comit\u00e9 d\u2019organisation met en place un parcours urbain immersif intitul\u00e9 \u00ab Explorer Gen\u00e8ve : D\u00e9mocratie, Philanthropie et Institutions internationales \u00bb. Le samedi 3 octobre, de 14h \u00e0 18h, ce parcours invite le grand public \u00e0 d\u00e9couvrir quatre lieux embl\u00e9matiques de la Gen\u00e8ve internationale et de la d\u00e9mocratie:\u00a01) la Maison des fondations, 2) la Tour RTS, 3) la Maison de la Paix et enfin, 4) le Portail des Nations.Une occasion de mieux comprendre les liens entre d\u00e9mocratie, philanthropie et institutions internationales \u00e0 travers une exp\u00e9rience immersive au c\u0153ur de Gen\u00e8ve. L'inscription au parcours sera obligatoire et les participantes et participants se d\u00e9placeront en transports publics entre les diff\u00e9rentes \u00e9tapes au cours de l'apr\u00e8s-midi. Un bus TPG gratuit sera \u00e0 disposition sur l\u2019ensemble du parcours.Plus d'informationsLieu: \u00a0Maison des fondations, Tour RTS, Maison de la Paix, Portail des NationsLien GoogleMap: Voir","og_url":"https:\/\/alumniunige.ch\/en\/semaine-de-la-democratie-2026-parcours-immersif-du-3-octobre\/","og_site_name":"ALUMNI - UNIGE","article_published_time":"2026-09-04T11:00:57+00:00","article_modified_time":"2026-09-04T17:00:49+00:00","og_image":[{"width":865,"height":261,"url":"https:\/\/alumniunige.ch\/wp-content\/uploads\/2026\/09\/events_1632.png","type":"image\/png"}],"author":"website.integration","twitter_card":"summary_large_image","twitter_misc":{"Written by":"website.integration","Est. reading time":"1 minute"},"schema":{"@context":"https:\/\/schema.org","@graph":[{"@type":"Article","@id":"https:\/\/alumniunige.ch\/en\/semaine-de-la-democratie-2026-parcours-immersif-du-3-octobre\/#article","isPartOf":{"@id":"https:\/\/alumniunige.ch\/en\/semaine-de-la-democratie-2026-parcours-immersif-du-3-octobre\/"},"author":{"name":"website.integration","@id":"https:\/\/alumniunige.ch\/#\/schema\/person\/7b36591277922527cb7e723b9c3d4627"},"headline":"Semaine de la d\u00e9mocratie 2026 : Parcours immersif du 3 octobre","datePublished":"2026-09-04T11:00:57+00:00","dateModified":"2026-09-04T17:00:49+00:00","mainEntityOfPage":{"@id":"https:\/\/alumniunige.ch\/en\/semaine-de-la-democratie-2026-parcours-immersif-du-3-octobre\/"},"wordCount":194,"image":{"@id":"https:\/\/alumniunige.ch\/en\/semaine-de-la-democratie-2026-parcours-immersif-du-3-octobre\/#primaryimage"},"thumbnailUrl":"https:\/\/alumniunige.ch\/wp-content\/uploads\/2026\/09\/events_1632.png","articleSection":["EVENTS"],"inLanguage":"en-US"},{"@type":"WebPage","@id":"https:\/\/alumniunige.ch\/en\/semaine-de-la-democratie-2026-parcours-immersif-du-3-octobre\/","url":"https:\/\/alumniunige.ch\/en\/semaine-de-la-democratie-2026-parcours-immersif-du-3-octobre\/","name":"Semaine de la d\u00e9mocratie 2026 : Parcours immersif du 3 octobre - ALUMNI - UNIGE","isPartOf":{"@id":"https:\/\/alumniunige.ch\/#website"},"primaryImageOfPage":{"@id":"https:\/\/alumniunige.ch\/en\/semaine-de-la-democratie-2026-parcours-immersif-du-3-octobre\/#primaryimage"},"image":{"@id":"https:\/\/alumniunige.ch\/en\/semaine-de-la-democratie-2026-parcours-immersif-du-3-octobre\/#primaryimage"},"thumbnailUrl":"https:\/\/alumniunige.ch\/wp-content\/uploads\/2026\/09\/events_1632.png","datePublished":"2026-09-04T11:00:57+00:00","dateModified":"2026-09-04T17:00:49+00:00","author":{"@id":"https:\/\/alumniunige.ch\/#\/schema\/person\/7b36591277922527cb7e723b9c3d4627"},"breadcrumb":{"@id":"https:\/\/alumniunige.ch\/en\/semaine-de-la-democratie-2026-parcours-immersif-du-3-octobre\/#breadcrumb"},"inLanguage":"en-US","potentialAction":[{"@type":"ReadAction","target":["https:\/\/alumniunige.ch\/en\/semaine-de-la-democratie-2026-parcours-immersif-du-3-octobre\/"]}]},{"@type":"ImageObject","inLanguage":"en-US","@id":"https:\/\/alumniunige.ch\/en\/semaine-de-la-democratie-2026-parcours-immersif-du-3-octobre\/#primaryimage","url":"https:\/\/alumniunige.ch\/wp-content\/uploads\/2026\/09\/events_1632.png","contentUrl":"https:\/\/alumniunige.ch\/wp-content\/uploads\/2026\/09\/events_1632.png","width":865,"height":261},{"@type":"BreadcrumbList","@id":"https:\/\/alumniunige.ch\/en\/semaine-de-la-democratie-2026-parcours-immersif-du-3-octobre\/#breadcrumb","itemListElement":[{"@type":"ListItem","position":1,"name":"Startseite","item":"https:\/\/alumniunige.ch\/en\/"},{"@type":"ListItem","position":2,"name":"Semaine de la d\u00e9mocratie 2026 : Parcours immersif du 3 octobre"}]},{"@type":"WebSite","@id":"https:\/\/alumniunige.ch\/#website","url":"https:\/\/alumniunige.ch\/","name":"ALUMNI - UNIGE","description":"Universit\u00e9 de Gen\u00e8ve","potentialAction":[{"@type":"SearchAction","target":{"@type":"EntryPoint","urlTemplate":"https:\/\/alumniunige.ch\/?s={search_term_string}"},"query-input":{"@type":"PropertyValueSpecification","valueRequired":true,"valueName":"search_term_string"}}],"inLanguage":"en-US"},{"@type":"Person","@id":"https:\/\/alumniunige.ch\/#\/schema\/person\/7b36591277922527cb7e723b9c3d4627","name":"website.integration","image":{"@type":"ImageObject","inLanguage":"en-US","@id":"https:\/\/secure.gravatar.com\/avatar\/a41cf11cca3cc95e198870ccc5040570d1bf056b2402fe8f0a59c2a326845955?s=96&d=mm&r=g","url":"https:\/\/secure.gravatar.com\/avatar\/a41cf11cca3cc95e198870ccc5040570d1bf056b2402fe8f0a59c2a326845955?s=96&d=mm&r=g","contentUrl":"https:\/\/secure.gravatar.com\/avatar\/a41cf11cca3cc95e198870ccc5040570d1bf056b2402fe8f0a59c2a326845955?s=96&d=mm&r=g","caption":"website.integration"},"url":"https:\/\/alumniunige.ch\/en\/author\/website-integration\/"}]}},"_links":{"self":[{"href":"https:\/\/alumniunige.ch\/en\/wp-json\/wp\/v2\/posts\/164057","targetHints":{"allow":["GET"]}}],"collection":[{"href":"https:\/\/alumniunige.ch\/en\/wp-json\/wp\/v2\/posts"}],"about":[{"href":"https:\/\/alumniunige.ch\/en\/wp-json\/wp\/v2\/types\/post"}],"author":[{"embeddable":true,"href":"https:\/\/alumniunige.ch\/en\/wp-json\/wp\/v2\/users\/8"}],"replies":[{"embeddable":true,"href":"https:\/\/alumniunige.ch\/en\/wp-json\/wp\/v2\/comments?post=164057"}],"version-history":[{"count":1,"href":"https:\/\/alumniunige.ch\/en\/wp-json\/wp\/v2\/posts\/164057\/revisions"}],"predecessor-version":[{"id":164069,"href":"https:\/\/alumniunige.ch\/en\/wp-json\/wp\/v2\/posts\/164057\/revisions\/164069"}],"wp:featuredmedia":[{"embeddable":true,"href":"https:\/\/alumniunige.ch\/en\/wp-json\/wp\/v2\/media\/164055"}],"wp:attachment":[{"href":"https:\/\/alumniunige.ch\/en\/wp-json\/wp\/v2\/media?parent=164057"}],"wp:term":[{"taxonomy":"category","embeddable":true,"href":"https:\/\/alumniunige.ch\/en\/wp-json\/wp\/v2\/categories?post=164057"},{"taxonomy":"post_tag","embeddable":true,"href":"https:\/\/alumniunige.ch\/en\/wp-json\/wp\/v2\/tags?post=164057"}],"curies":[{"name":"wp","href":"https:\/\/api.w.org\/{rel}","templated":true}]}}