{"id":164053,"date":"2026-09-04T13:00:53","date_gmt":"2026-09-04T11:00:53","guid":{"rendered":"https:\/\/alumniunige.ch\/avant-premiere-de-fossiles-chroniques-de-la-terre\/"},"modified":"2026-09-04T19:00:47","modified_gmt":"2026-09-04T17:00:47","slug":"avant-premiere-de-fossiles-chroniques-de-la-terre","status":"publish","type":"post","link":"https:\/\/alumniunige.ch\/en\/avant-premiere-de-fossiles-chroniques-de-la-terre\/","title":{"rendered":"Avant-premi\u00e8re de \u00ab\u202fFossiles : Chroniques de la Terre \u00bb"},"content":{"rendered":"<p>De: jeudi 01 octobre 2026 18:00 \u00e0 jeudi 01 octobre 2026 19:30<\/br><\/p>\n<p><em>Fossiles<\/em>, le nouveau documentaire r\u00e9alis\u00e9 par l\u2019association genevoise SciencEscape en collaboration avec La Souris Verte, invite \u00e0 un fascinant voyage \u00e0 travers le temps, \u00e0 la d\u00e9couverte de mondes disparus depuis des millions d\u2019ann\u00e9es. La projection sera suivie d\u2019une table ronde r\u00e9unissant plusieurs scientifiques de l\u2019UNIGE et du Mus\u00e9um d\u2019histoire naturelle de Gen\u00e8ve, ainsi que d\u2019un ap\u00e9ritif convivial.<br \/><a class=\"iw-rte-link-inline\" href=\"https:\/\/www.unige.ch\/lejournal\/evenements\/a-la-une\/fossiles\/\" target=\"_blank\" rel=\"noreferrer noopener\">Plus d&#8217;informations<\/a><br \/>\u00a0<\/p>\n<p><\/br><\/br>Lieu: \u00a0Uni Dufour, rue G\u00e9n\u00e9ral-Dufour 24, 1204 Gen\u00e8ve<\/br><\/br>Lien GoogleMap: <a href=\"https:\/\/maps.app.goo.gl\/qaFxn7bJ31d4847U6\"> Voir<\/a><\/br><\/br><!--more--><\/br><\/br>S&#8217;inscrire \u00e0 cet \u00e9v\u00e9nement <a href=\"https:\/\/alumniunige.ch\/portal\/index.php?redirect=YzJkZjQzYTgyNTBhZTU4ZjQ4MjAwYjVh%2B4lmM7vZSYwFZA9AqZW3Js2PMKJfx%2F%2B3uzlFb7IU9Mung7iXF3ZKT6%2B3B2gB9pJjidZY2uQIF%2FHp\">sur notre plate-forme<\/a>. <\/br><\/br>Pas encore inscrit ? <a href=\"https:\/\/alumniunige.ch\/association\/#devenir-membre\">Devenez membre d\u2019Alumni UNIGE<\/a>.<\/p>\n","protected":false},"excerpt":{"rendered":"<p>De: jeudi 01 octobre 2026 18:00 \u00e0 jeudi 01 octobre 2026 19:30<\/br><\/br><\/p>\n<p><em>Fossiles<\/em>, le nouveau documentaire r\u00e9alis\u00e9 par l\u2019association genevoise SciencEscape en collaboration avec La Souris Verte, invite \u00e0 un fascinant voyage \u00e0 travers le temps, \u00e0 la d\u00e9couverte de mondes disparus depuis des millions d\u2019ann\u00e9es. La projection sera suivie d\u2019une table ronde r\u00e9unissant plusieurs scientifiques de l\u2019UNIGE et du Mus\u00e9um d\u2019histoire naturelle de Gen\u00e8ve, ainsi que d\u2019un ap\u00e9ritif convivial.<br \/><a class=\"iw-rte-link-inline\" href=\"https:\/\/www.unige.ch\/lejournal\/evenements\/a-la-une\/fossiles\/\" target=\"_blank\" rel=\"noreferrer noopener\">Plus d&#8217;informations<\/a><br \/>\u00a0<\/p>\n<p><\/br><\/br>Lieu: \u00a0Uni Dufour, rue G\u00e9n\u00e9ral-Dufour 24, 1204 Gen\u00e8ve<\/br><\/br>Lien GoogleMap: <a href=\"https:\/\/maps.app.goo.gl\/qaFxn7bJ31d4847U6\"> Voir<\/a><\/p>\n","protected":false},"author":8,"featured_media":164051,"comment_status":"closed","ping_status":"closed","sticky":false,"template":"","format":"standard","meta":{"_acf_changed":false,"footnotes":"","_members_access_role":[],"_members_access_error":""},"categories":[64],"tags":[],"class_list":["post-164053","post","type-post","status-publish","format-standard","has-post-thumbnail","hentry","category-unige-events-en"],"acf":{"peoplepath_id":"1633"},"yoast_head":"<!-- This site is optimized with the Yoast SEO plugin v28.4 - https:\/\/yoast.com\/product\/yoast-seo-wordpress\/ -->\n<title>Avant-premi\u00e8re de \u00ab\u202fFossiles : Chroniques de la Terre \u00bb - ALUMNI - UNIGE<\/title>\n<meta name=\"robots\" content=\"index, follow, max-snippet:-1, max-image-preview:large, max-video-preview:-1\" \/>\n<link rel=\"canonical\" href=\"https:\/\/alumniunige.ch\/en\/avant-premiere-de-fossiles-chroniques-de-la-terre\/\" \/>\n<meta property=\"og:locale\" content=\"en_US\" \/>\n<meta property=\"og:type\" content=\"article\" \/>\n<meta property=\"og:title\" content=\"Avant-premi\u00e8re de \u00ab\u202fFossiles : Chroniques de la Terre \u00bb - ALUMNI - UNIGE\" \/>\n<meta property=\"og:description\" content=\"De: jeudi 01 octobre 2026 18:00 \u00e0 jeudi 01 octobre 2026 19:30Fossiles, le nouveau documentaire r\u00e9alis\u00e9 par l\u2019association genevoise SciencEscape en collaboration avec La Souris Verte, invite \u00e0 un fascinant voyage \u00e0 travers le temps, \u00e0 la d\u00e9couverte de mondes disparus depuis des millions d\u2019ann\u00e9es. La projection sera suivie d\u2019une table ronde r\u00e9unissant plusieurs scientifiques de l\u2019UNIGE et du Mus\u00e9um d\u2019histoire naturelle de Gen\u00e8ve, ainsi que d\u2019un ap\u00e9ritif convivial.Plus d&#039;informations\u00a0Lieu: \u00a0Uni Dufour, rue G\u00e9n\u00e9ral-Dufour 24, 1204 Gen\u00e8veLien GoogleMap: Voir\" \/>\n<meta property=\"og:url\" content=\"https:\/\/alumniunige.ch\/en\/avant-premiere-de-fossiles-chroniques-de-la-terre\/\" \/>\n<meta property=\"og:site_name\" content=\"ALUMNI - UNIGE\" \/>\n<meta property=\"article:published_time\" content=\"2026-09-04T11:00:53+00:00\" \/>\n<meta property=\"article:modified_time\" content=\"2026-09-04T17:00:47+00:00\" \/>\n<meta property=\"og:image\" content=\"https:\/\/alumniunige.ch\/wp-content\/uploads\/2026\/09\/events_1633.png\" \/>\n\t<meta property=\"og:image:width\" content=\"670\" \/>\n\t<meta property=\"og:image:height\" content=\"328\" \/>\n\t<meta property=\"og:image:type\" content=\"image\/png\" \/>\n<meta name=\"author\" content=\"website.integration\" \/>\n<meta name=\"twitter:card\" content=\"summary_large_image\" \/>\n<meta name=\"twitter:label1\" content=\"Written by\" \/>\n\t<meta name=\"twitter:data1\" content=\"website.integration\" \/>\n\t<meta name=\"twitter:label2\" content=\"Est. reading time\" \/>\n\t<meta name=\"twitter:data2\" content=\"1 minute\" \/>\n<script type=\"application\/ld+json\" class=\"yoast-schema-graph\">{\"@context\":\"https:\\\/\\\/schema.org\",\"@graph\":[{\"@type\":\"Article\",\"@id\":\"https:\\\/\\\/alumniunige.ch\\\/en\\\/avant-premiere-de-fossiles-chroniques-de-la-terre\\\/#article\",\"isPartOf\":{\"@id\":\"https:\\\/\\\/alumniunige.ch\\\/en\\\/avant-premiere-de-fossiles-chroniques-de-la-terre\\\/\"},\"author\":{\"name\":\"website.integration\",\"@id\":\"https:\\\/\\\/alumniunige.ch\\\/#\\\/schema\\\/person\\\/7b36591277922527cb7e723b9c3d4627\"},\"headline\":\"Avant-premi\u00e8re de \u00ab\u202fFossiles : Chroniques de la Terre \u00bb\",\"datePublished\":\"2026-09-04T11:00:53+00:00\",\"dateModified\":\"2026-09-04T17:00:47+00:00\",\"mainEntityOfPage\":{\"@id\":\"https:\\\/\\\/alumniunige.ch\\\/en\\\/avant-premiere-de-fossiles-chroniques-de-la-terre\\\/\"},\"wordCount\":112,\"image\":{\"@id\":\"https:\\\/\\\/alumniunige.ch\\\/en\\\/avant-premiere-de-fossiles-chroniques-de-la-terre\\\/#primaryimage\"},\"thumbnailUrl\":\"https:\\\/\\\/alumniunige.ch\\\/wp-content\\\/uploads\\\/2026\\\/09\\\/events_1633.png\",\"articleSection\":[\"EVENTS\"],\"inLanguage\":\"en-US\"},{\"@type\":\"WebPage\",\"@id\":\"https:\\\/\\\/alumniunige.ch\\\/en\\\/avant-premiere-de-fossiles-chroniques-de-la-terre\\\/\",\"url\":\"https:\\\/\\\/alumniunige.ch\\\/en\\\/avant-premiere-de-fossiles-chroniques-de-la-terre\\\/\",\"name\":\"Avant-premi\u00e8re de \u00ab\u202fFossiles : Chroniques de la Terre \u00bb - ALUMNI - UNIGE\",\"isPartOf\":{\"@id\":\"https:\\\/\\\/alumniunige.ch\\\/#website\"},\"primaryImageOfPage\":{\"@id\":\"https:\\\/\\\/alumniunige.ch\\\/en\\\/avant-premiere-de-fossiles-chroniques-de-la-terre\\\/#primaryimage\"},\"image\":{\"@id\":\"https:\\\/\\\/alumniunige.ch\\\/en\\\/avant-premiere-de-fossiles-chroniques-de-la-terre\\\/#primaryimage\"},\"thumbnailUrl\":\"https:\\\/\\\/alumniunige.ch\\\/wp-content\\\/uploads\\\/2026\\\/09\\\/events_1633.png\",\"datePublished\":\"2026-09-04T11:00:53+00:00\",\"dateModified\":\"2026-09-04T17:00:47+00:00\",\"author\":{\"@id\":\"https:\\\/\\\/alumniunige.ch\\\/#\\\/schema\\\/person\\\/7b36591277922527cb7e723b9c3d4627\"},\"breadcrumb\":{\"@id\":\"https:\\\/\\\/alumniunige.ch\\\/en\\\/avant-premiere-de-fossiles-chroniques-de-la-terre\\\/#breadcrumb\"},\"inLanguage\":\"en-US\",\"potentialAction\":[{\"@type\":\"ReadAction\",\"target\":[\"https:\\\/\\\/alumniunige.ch\\\/en\\\/avant-premiere-de-fossiles-chroniques-de-la-terre\\\/\"]}]},{\"@type\":\"ImageObject\",\"inLanguage\":\"en-US\",\"@id\":\"https:\\\/\\\/alumniunige.ch\\\/en\\\/avant-premiere-de-fossiles-chroniques-de-la-terre\\\/#primaryimage\",\"url\":\"https:\\\/\\\/alumniunige.ch\\\/wp-content\\\/uploads\\\/2026\\\/09\\\/events_1633.png\",\"contentUrl\":\"https:\\\/\\\/alumniunige.ch\\\/wp-content\\\/uploads\\\/2026\\\/09\\\/events_1633.png\",\"width\":670,\"height\":328},{\"@type\":\"BreadcrumbList\",\"@id\":\"https:\\\/\\\/alumniunige.ch\\\/en\\\/avant-premiere-de-fossiles-chroniques-de-la-terre\\\/#breadcrumb\",\"itemListElement\":[{\"@type\":\"ListItem\",\"position\":1,\"name\":\"Startseite\",\"item\":\"https:\\\/\\\/alumniunige.ch\\\/en\\\/\"},{\"@type\":\"ListItem\",\"position\":2,\"name\":\"Avant-premi\u00e8re de \u00ab\u202fFossiles : Chroniques de la Terre \u00bb\"}]},{\"@type\":\"WebSite\",\"@id\":\"https:\\\/\\\/alumniunige.ch\\\/#website\",\"url\":\"https:\\\/\\\/alumniunige.ch\\\/\",\"name\":\"ALUMNI - UNIGE\",\"description\":\"Universit\u00e9 de Gen\u00e8ve\",\"potentialAction\":[{\"@type\":\"SearchAction\",\"target\":{\"@type\":\"EntryPoint\",\"urlTemplate\":\"https:\\\/\\\/alumniunige.ch\\\/?s={search_term_string}\"},\"query-input\":{\"@type\":\"PropertyValueSpecification\",\"valueRequired\":true,\"valueName\":\"search_term_string\"}}],\"inLanguage\":\"en-US\"},{\"@type\":\"Person\",\"@id\":\"https:\\\/\\\/alumniunige.ch\\\/#\\\/schema\\\/person\\\/7b36591277922527cb7e723b9c3d4627\",\"name\":\"website.integration\",\"image\":{\"@type\":\"ImageObject\",\"inLanguage\":\"en-US\",\"@id\":\"https:\\\/\\\/secure.gravatar.com\\\/avatar\\\/a41cf11cca3cc95e198870ccc5040570d1bf056b2402fe8f0a59c2a326845955?s=96&d=mm&r=g\",\"url\":\"https:\\\/\\\/secure.gravatar.com\\\/avatar\\\/a41cf11cca3cc95e198870ccc5040570d1bf056b2402fe8f0a59c2a326845955?s=96&d=mm&r=g\",\"contentUrl\":\"https:\\\/\\\/secure.gravatar.com\\\/avatar\\\/a41cf11cca3cc95e198870ccc5040570d1bf056b2402fe8f0a59c2a326845955?s=96&d=mm&r=g\",\"caption\":\"website.integration\"},\"url\":\"https:\\\/\\\/alumniunige.ch\\\/en\\\/author\\\/website-integration\\\/\"}]}<\/script>\n<!-- \/ Yoast SEO plugin. -->","yoast_head_json":{"title":"Avant-premi\u00e8re de \u00ab\u202fFossiles : Chroniques de la Terre \u00bb - ALUMNI - UNIGE","robots":{"index":"index","follow":"follow","max-snippet":"max-snippet:-1","max-image-preview":"max-image-preview:large","max-video-preview":"max-video-preview:-1"},"canonical":"https:\/\/alumniunige.ch\/en\/avant-premiere-de-fossiles-chroniques-de-la-terre\/","og_locale":"en_US","og_type":"article","og_title":"Avant-premi\u00e8re de \u00ab\u202fFossiles : Chroniques de la Terre \u00bb - ALUMNI - UNIGE","og_description":"De: jeudi 01 octobre 2026 18:00 \u00e0 jeudi 01 octobre 2026 19:30Fossiles, le nouveau documentaire r\u00e9alis\u00e9 par l\u2019association genevoise SciencEscape en collaboration avec La Souris Verte, invite \u00e0 un fascinant voyage \u00e0 travers le temps, \u00e0 la d\u00e9couverte de mondes disparus depuis des millions d\u2019ann\u00e9es. La projection sera suivie d\u2019une table ronde r\u00e9unissant plusieurs scientifiques de l\u2019UNIGE et du Mus\u00e9um d\u2019histoire naturelle de Gen\u00e8ve, ainsi que d\u2019un ap\u00e9ritif convivial.Plus d'informations\u00a0Lieu: \u00a0Uni Dufour, rue G\u00e9n\u00e9ral-Dufour 24, 1204 Gen\u00e8veLien GoogleMap: Voir","og_url":"https:\/\/alumniunige.ch\/en\/avant-premiere-de-fossiles-chroniques-de-la-terre\/","og_site_name":"ALUMNI - UNIGE","article_published_time":"2026-09-04T11:00:53+00:00","article_modified_time":"2026-09-04T17:00:47+00:00","og_image":[{"width":670,"height":328,"url":"https:\/\/alumniunige.ch\/wp-content\/uploads\/2026\/09\/events_1633.png","type":"image\/png"}],"author":"website.integration","twitter_card":"summary_large_image","twitter_misc":{"Written by":"website.integration","Est. reading time":"1 minute"},"schema":{"@context":"https:\/\/schema.org","@graph":[{"@type":"Article","@id":"https:\/\/alumniunige.ch\/en\/avant-premiere-de-fossiles-chroniques-de-la-terre\/#article","isPartOf":{"@id":"https:\/\/alumniunige.ch\/en\/avant-premiere-de-fossiles-chroniques-de-la-terre\/"},"author":{"name":"website.integration","@id":"https:\/\/alumniunige.ch\/#\/schema\/person\/7b36591277922527cb7e723b9c3d4627"},"headline":"Avant-premi\u00e8re de \u00ab\u202fFossiles : Chroniques de la Terre \u00bb","datePublished":"2026-09-04T11:00:53+00:00","dateModified":"2026-09-04T17:00:47+00:00","mainEntityOfPage":{"@id":"https:\/\/alumniunige.ch\/en\/avant-premiere-de-fossiles-chroniques-de-la-terre\/"},"wordCount":112,"image":{"@id":"https:\/\/alumniunige.ch\/en\/avant-premiere-de-fossiles-chroniques-de-la-terre\/#primaryimage"},"thumbnailUrl":"https:\/\/alumniunige.ch\/wp-content\/uploads\/2026\/09\/events_1633.png","articleSection":["EVENTS"],"inLanguage":"en-US"},{"@type":"WebPage","@id":"https:\/\/alumniunige.ch\/en\/avant-premiere-de-fossiles-chroniques-de-la-terre\/","url":"https:\/\/alumniunige.ch\/en\/avant-premiere-de-fossiles-chroniques-de-la-terre\/","name":"Avant-premi\u00e8re de \u00ab\u202fFossiles : Chroniques de la Terre \u00bb - ALUMNI - UNIGE","isPartOf":{"@id":"https:\/\/alumniunige.ch\/#website"},"primaryImageOfPage":{"@id":"https:\/\/alumniunige.ch\/en\/avant-premiere-de-fossiles-chroniques-de-la-terre\/#primaryimage"},"image":{"@id":"https:\/\/alumniunige.ch\/en\/avant-premiere-de-fossiles-chroniques-de-la-terre\/#primaryimage"},"thumbnailUrl":"https:\/\/alumniunige.ch\/wp-content\/uploads\/2026\/09\/events_1633.png","datePublished":"2026-09-04T11:00:53+00:00","dateModified":"2026-09-04T17:00:47+00:00","author":{"@id":"https:\/\/alumniunige.ch\/#\/schema\/person\/7b36591277922527cb7e723b9c3d4627"},"breadcrumb":{"@id":"https:\/\/alumniunige.ch\/en\/avant-premiere-de-fossiles-chroniques-de-la-terre\/#breadcrumb"},"inLanguage":"en-US","potentialAction":[{"@type":"ReadAction","target":["https:\/\/alumniunige.ch\/en\/avant-premiere-de-fossiles-chroniques-de-la-terre\/"]}]},{"@type":"ImageObject","inLanguage":"en-US","@id":"https:\/\/alumniunige.ch\/en\/avant-premiere-de-fossiles-chroniques-de-la-terre\/#primaryimage","url":"https:\/\/alumniunige.ch\/wp-content\/uploads\/2026\/09\/events_1633.png","contentUrl":"https:\/\/alumniunige.ch\/wp-content\/uploads\/2026\/09\/events_1633.png","width":670,"height":328},{"@type":"BreadcrumbList","@id":"https:\/\/alumniunige.ch\/en\/avant-premiere-de-fossiles-chroniques-de-la-terre\/#breadcrumb","itemListElement":[{"@type":"ListItem","position":1,"name":"Startseite","item":"https:\/\/alumniunige.ch\/en\/"},{"@type":"ListItem","position":2,"name":"Avant-premi\u00e8re de \u00ab\u202fFossiles : Chroniques de la Terre \u00bb"}]},{"@type":"WebSite","@id":"https:\/\/alumniunige.ch\/#website","url":"https:\/\/alumniunige.ch\/","name":"ALUMNI - UNIGE","description":"Universit\u00e9 de Gen\u00e8ve","potentialAction":[{"@type":"SearchAction","target":{"@type":"EntryPoint","urlTemplate":"https:\/\/alumniunige.ch\/?s={search_term_string}"},"query-input":{"@type":"PropertyValueSpecification","valueRequired":true,"valueName":"search_term_string"}}],"inLanguage":"en-US"},{"@type":"Person","@id":"https:\/\/alumniunige.ch\/#\/schema\/person\/7b36591277922527cb7e723b9c3d4627","name":"website.integration","image":{"@type":"ImageObject","inLanguage":"en-US","@id":"https:\/\/secure.gravatar.com\/avatar\/a41cf11cca3cc95e198870ccc5040570d1bf056b2402fe8f0a59c2a326845955?s=96&d=mm&r=g","url":"https:\/\/secure.gravatar.com\/avatar\/a41cf11cca3cc95e198870ccc5040570d1bf056b2402fe8f0a59c2a326845955?s=96&d=mm&r=g","contentUrl":"https:\/\/secure.gravatar.com\/avatar\/a41cf11cca3cc95e198870ccc5040570d1bf056b2402fe8f0a59c2a326845955?s=96&d=mm&r=g","caption":"website.integration"},"url":"https:\/\/alumniunige.ch\/en\/author\/website-integration\/"}]}},"_links":{"self":[{"href":"https:\/\/alumniunige.ch\/en\/wp-json\/wp\/v2\/posts\/164053","targetHints":{"allow":["GET"]}}],"collection":[{"href":"https:\/\/alumniunige.ch\/en\/wp-json\/wp\/v2\/posts"}],"about":[{"href":"https:\/\/alumniunige.ch\/en\/wp-json\/wp\/v2\/types\/post"}],"author":[{"embeddable":true,"href":"https:\/\/alumniunige.ch\/en\/wp-json\/wp\/v2\/users\/8"}],"replies":[{"embeddable":true,"href":"https:\/\/alumniunige.ch\/en\/wp-json\/wp\/v2\/comments?post=164053"}],"version-history":[{"count":1,"href":"https:\/\/alumniunige.ch\/en\/wp-json\/wp\/v2\/posts\/164053\/revisions"}],"predecessor-version":[{"id":164067,"href":"https:\/\/alumniunige.ch\/en\/wp-json\/wp\/v2\/posts\/164053\/revisions\/164067"}],"wp:featuredmedia":[{"embeddable":true,"href":"https:\/\/alumniunige.ch\/en\/wp-json\/wp\/v2\/media\/164051"}],"wp:attachment":[{"href":"https:\/\/alumniunige.ch\/en\/wp-json\/wp\/v2\/media?parent=164053"}],"wp:term":[{"taxonomy":"category","embeddable":true,"href":"https:\/\/alumniunige.ch\/en\/wp-json\/wp\/v2\/categories?post=164053"},{"taxonomy":"post_tag","embeddable":true,"href":"https:\/\/alumniunige.ch\/en\/wp-json\/wp\/v2\/tags?post=164053"}],"curies":[{"name":"wp","href":"https:\/\/api.w.org\/{rel}","templated":true}]}}