{"id":164045,"date":"2026-09-04T13:00:37","date_gmt":"2026-09-04T11:00:37","guid":{"rendered":"https:\/\/alumniunige.ch\/culture-a-lunige-le-catalogue-des-activites-est-disponible\/"},"modified":"2026-09-04T19:00:32","modified_gmt":"2026-09-04T17:00:32","slug":"culture-a-lunige-le-catalogue-des-activites-est-disponible","status":"publish","type":"post","link":"https:\/\/alumniunige.ch\/en\/culture-a-lunige-le-catalogue-des-activites-est-disponible\/","title":{"rendered":"Culture \u00e0 l&#8217;UNIGE &#8211; le catalogue des activit\u00e9s est disponible"},"content":{"rendered":"<p style=\"text-align:justify;\">Les membres d\u2019Alumni UNIGE b\u00e9n\u00e9ficient de tarifs pr\u00e9f\u00e9rentiels sur une&nbsp;<a class=\"iw-rte-link-inline\" href=\"https:\/\/vie-de-campus.unige.ch\/catalogue?tags=CULTURE\" target=\"_blank\" rel=\"noreferrer noopener\">large s\u00e9lection de cours et d\u2019activit\u00e9s culturelles de l\u2019UNIGE<\/a>. Les inscriptions ouvrent le <strong>7 septembre<\/strong> !<\/p>\n<p style=\"text-align:justify;\">Les nouveaut\u00e9s sont nombreuses : chants du monde, cr\u00e9ation vid\u00e9o, samba et atelier drag, entre autres. Les classiques sont \u00e9galement au rendez-vous, avec notamment les arts du th\u00e9\u00e2tre, la c\u00e9ramique, la photographie et de nombreux styles de danse. Et, comme chaque ann\u00e9e, les concerts des ch\u0153urs et orchestres de l\u2019UNIGE ainsi que les projections du Cin\u00e9-club universitaire compl\u00e8tent cette offre.<\/p>\n<p>\n<!--more--><br \/>\n<br \/>\nLire la suite <a href=\"https:\/\/alumniunige.ch\/portal\/group\/feed?contentId=6a9979187b47d82c83e03744&amp;contentType=dynamic.article_content\">sur notre plate-forme<\/a>.<\/p>\n<p>Pas encore inscrit ? <a href=\"https:\/\/alumniunige.ch\/association\/#devenir-membre\">Devenez membre d\u2019Alumni UNIGE<\/a>.<\/p>\n","protected":false},"excerpt":{"rendered":"<p style=\"text-align:justify;\"><img decoding=\"async\" align=\"left\" alt=\"\" class=\"iw-rte-image-inline\" hspace=\"5\" src=\"https:\/\/alumniunige.ch\/custom\/ugva\/imgcache\/5669bd8d555f1cafbcd8d4ffd44a4ac1.jpg\" style=\"width:33%;float:left;margin-right:12px;max-width:100%;\" title=\"\" vspace=\"3\" width=\"171\">Les membres d\u2019Alumni UNIGE b\u00e9n\u00e9ficient de tarifs pr\u00e9f\u00e9rentiels sur une\u00a0<a class=\"iw-rte-link-inline\" href=\"https:\/\/vie-de-campus.unige.ch\/catalogue?tags=CULTURE\" target=\"_blank\" rel=\"noreferrer noopener\">large s\u00e9lection de cours et d\u2019activit\u00e9s culturelles de l\u2019UNIGE<\/a>. Les inscriptions ouvrent le <strong>7 septembre<\/strong> !<\/p>\n<p style=\"text-align:justify;\">Les nouveaut\u00e9s sont nombreuses : chants du monde, cr\u00e9ation vid\u00e9o, samba et atelier drag, entre autres. Les classiques sont \u00e9galement au rendez-vous, avec notamment les arts du th\u00e9\u00e2tre, la c\u00e9ramique, la photographie et de nombreux styles de danse. Et, comme chaque ann\u00e9e, les concerts des ch\u0153urs et orchestres de l\u2019UNIGE ainsi que les projections du Cin\u00e9-club universitaire compl\u00e8tent cette offre.<\/p>\n","protected":false},"author":8,"featured_media":164043,"comment_status":"closed","ping_status":"closed","sticky":false,"template":"","format":"standard","meta":{"_acf_changed":false,"footnotes":"","_members_access_role":[],"_members_access_error":""},"categories":[62],"tags":[],"class_list":["post-164045","post","type-post","status-publish","format-standard","has-post-thumbnail","hentry","category-unige-news-en"],"acf":{"peoplepath_id":"6a9979187b47d82c83e03744"},"yoast_head":"<!-- This site is optimized with the Yoast SEO plugin v28.4 - https:\/\/yoast.com\/product\/yoast-seo-wordpress\/ -->\n<title>Culture \u00e0 l&#039;UNIGE - le catalogue des activit\u00e9s est disponible - ALUMNI - UNIGE<\/title>\n<meta name=\"robots\" content=\"index, follow, max-snippet:-1, max-image-preview:large, max-video-preview:-1\" \/>\n<link rel=\"canonical\" href=\"https:\/\/alumniunige.ch\/en\/culture-a-lunige-le-catalogue-des-activites-est-disponible\/\" \/>\n<meta property=\"og:locale\" content=\"en_US\" \/>\n<meta property=\"og:type\" content=\"article\" \/>\n<meta property=\"og:title\" content=\"Culture \u00e0 l&#039;UNIGE - le catalogue des activit\u00e9s est disponible - ALUMNI - UNIGE\" \/>\n<meta property=\"og:description\" content=\"Les membres d\u2019Alumni UNIGE b\u00e9n\u00e9ficient de tarifs pr\u00e9f\u00e9rentiels sur une\u00a0large s\u00e9lection de cours et d\u2019activit\u00e9s culturelles de l\u2019UNIGE. Les inscriptions ouvrent le 7 septembre !Les nouveaut\u00e9s sont nombreuses : chants du monde, cr\u00e9ation vid\u00e9o, samba et atelier drag, entre autres. Les classiques sont \u00e9galement au rendez-vous, avec notamment les arts du th\u00e9\u00e2tre, la c\u00e9ramique, la photographie et de nombreux styles de danse. Et, comme chaque ann\u00e9e, les concerts des ch\u0153urs et orchestres de l\u2019UNIGE ainsi que les projections du Cin\u00e9-club universitaire compl\u00e8tent cette offre.\" \/>\n<meta property=\"og:url\" content=\"https:\/\/alumniunige.ch\/en\/culture-a-lunige-le-catalogue-des-activites-est-disponible\/\" \/>\n<meta property=\"og:site_name\" content=\"ALUMNI - UNIGE\" \/>\n<meta property=\"article:published_time\" content=\"2026-09-04T11:00:37+00:00\" \/>\n<meta property=\"article:modified_time\" content=\"2026-09-04T17:00:32+00:00\" \/>\n<meta property=\"og:image\" content=\"https:\/\/alumniunige.ch\/wp-content\/uploads\/2026\/09\/articles_6a9979187b47d82c83e03744.jpg\" \/>\n\t<meta property=\"og:image:width\" content=\"2280\" \/>\n\t<meta property=\"og:image:height\" content=\"570\" \/>\n\t<meta property=\"og:image:type\" content=\"image\/jpeg\" \/>\n<meta name=\"author\" content=\"website.integration\" \/>\n<meta name=\"twitter:card\" content=\"summary_large_image\" \/>\n<meta name=\"twitter:label1\" content=\"Written by\" \/>\n\t<meta name=\"twitter:data1\" content=\"website.integration\" \/>\n\t<meta name=\"twitter:label2\" content=\"Est. reading time\" \/>\n\t<meta name=\"twitter:data2\" content=\"1 minute\" \/>\n<script type=\"application\/ld+json\" class=\"yoast-schema-graph\">{\"@context\":\"https:\\\/\\\/schema.org\",\"@graph\":[{\"@type\":\"Article\",\"@id\":\"https:\\\/\\\/alumniunige.ch\\\/en\\\/culture-a-lunige-le-catalogue-des-activites-est-disponible\\\/#article\",\"isPartOf\":{\"@id\":\"https:\\\/\\\/alumniunige.ch\\\/en\\\/culture-a-lunige-le-catalogue-des-activites-est-disponible\\\/\"},\"author\":{\"name\":\"website.integration\",\"@id\":\"https:\\\/\\\/alumniunige.ch\\\/#\\\/schema\\\/person\\\/7b36591277922527cb7e723b9c3d4627\"},\"headline\":\"Culture \u00e0 l&#8217;UNIGE &#8211; le catalogue des activit\u00e9s est disponible\",\"datePublished\":\"2026-09-04T11:00:37+00:00\",\"dateModified\":\"2026-09-04T17:00:32+00:00\",\"mainEntityOfPage\":{\"@id\":\"https:\\\/\\\/alumniunige.ch\\\/en\\\/culture-a-lunige-le-catalogue-des-activites-est-disponible\\\/\"},\"wordCount\":128,\"image\":{\"@id\":\"https:\\\/\\\/alumniunige.ch\\\/en\\\/culture-a-lunige-le-catalogue-des-activites-est-disponible\\\/#primaryimage\"},\"thumbnailUrl\":\"https:\\\/\\\/alumniunige.ch\\\/wp-content\\\/uploads\\\/2026\\\/09\\\/articles_6a9979187b47d82c83e03744.jpg\",\"articleSection\":[\"NEWS\"],\"inLanguage\":\"en-US\"},{\"@type\":\"WebPage\",\"@id\":\"https:\\\/\\\/alumniunige.ch\\\/en\\\/culture-a-lunige-le-catalogue-des-activites-est-disponible\\\/\",\"url\":\"https:\\\/\\\/alumniunige.ch\\\/en\\\/culture-a-lunige-le-catalogue-des-activites-est-disponible\\\/\",\"name\":\"Culture \u00e0 l'UNIGE - le catalogue des activit\u00e9s est disponible - ALUMNI - UNIGE\",\"isPartOf\":{\"@id\":\"https:\\\/\\\/alumniunige.ch\\\/#website\"},\"primaryImageOfPage\":{\"@id\":\"https:\\\/\\\/alumniunige.ch\\\/en\\\/culture-a-lunige-le-catalogue-des-activites-est-disponible\\\/#primaryimage\"},\"image\":{\"@id\":\"https:\\\/\\\/alumniunige.ch\\\/en\\\/culture-a-lunige-le-catalogue-des-activites-est-disponible\\\/#primaryimage\"},\"thumbnailUrl\":\"https:\\\/\\\/alumniunige.ch\\\/wp-content\\\/uploads\\\/2026\\\/09\\\/articles_6a9979187b47d82c83e03744.jpg\",\"datePublished\":\"2026-09-04T11:00:37+00:00\",\"dateModified\":\"2026-09-04T17:00:32+00:00\",\"author\":{\"@id\":\"https:\\\/\\\/alumniunige.ch\\\/#\\\/schema\\\/person\\\/7b36591277922527cb7e723b9c3d4627\"},\"breadcrumb\":{\"@id\":\"https:\\\/\\\/alumniunige.ch\\\/en\\\/culture-a-lunige-le-catalogue-des-activites-est-disponible\\\/#breadcrumb\"},\"inLanguage\":\"en-US\",\"potentialAction\":[{\"@type\":\"ReadAction\",\"target\":[\"https:\\\/\\\/alumniunige.ch\\\/en\\\/culture-a-lunige-le-catalogue-des-activites-est-disponible\\\/\"]}]},{\"@type\":\"ImageObject\",\"inLanguage\":\"en-US\",\"@id\":\"https:\\\/\\\/alumniunige.ch\\\/en\\\/culture-a-lunige-le-catalogue-des-activites-est-disponible\\\/#primaryimage\",\"url\":\"https:\\\/\\\/alumniunige.ch\\\/wp-content\\\/uploads\\\/2026\\\/09\\\/articles_6a9979187b47d82c83e03744.jpg\",\"contentUrl\":\"https:\\\/\\\/alumniunige.ch\\\/wp-content\\\/uploads\\\/2026\\\/09\\\/articles_6a9979187b47d82c83e03744.jpg\",\"width\":2280,\"height\":570},{\"@type\":\"BreadcrumbList\",\"@id\":\"https:\\\/\\\/alumniunige.ch\\\/en\\\/culture-a-lunige-le-catalogue-des-activites-est-disponible\\\/#breadcrumb\",\"itemListElement\":[{\"@type\":\"ListItem\",\"position\":1,\"name\":\"Startseite\",\"item\":\"https:\\\/\\\/alumniunige.ch\\\/en\\\/\"},{\"@type\":\"ListItem\",\"position\":2,\"name\":\"Culture \u00e0 l&#8217;UNIGE &#8211; le catalogue des activit\u00e9s est disponible\"}]},{\"@type\":\"WebSite\",\"@id\":\"https:\\\/\\\/alumniunige.ch\\\/#website\",\"url\":\"https:\\\/\\\/alumniunige.ch\\\/\",\"name\":\"ALUMNI - UNIGE\",\"description\":\"Universit\u00e9 de Gen\u00e8ve\",\"potentialAction\":[{\"@type\":\"SearchAction\",\"target\":{\"@type\":\"EntryPoint\",\"urlTemplate\":\"https:\\\/\\\/alumniunige.ch\\\/?s={search_term_string}\"},\"query-input\":{\"@type\":\"PropertyValueSpecification\",\"valueRequired\":true,\"valueName\":\"search_term_string\"}}],\"inLanguage\":\"en-US\"},{\"@type\":\"Person\",\"@id\":\"https:\\\/\\\/alumniunige.ch\\\/#\\\/schema\\\/person\\\/7b36591277922527cb7e723b9c3d4627\",\"name\":\"website.integration\",\"image\":{\"@type\":\"ImageObject\",\"inLanguage\":\"en-US\",\"@id\":\"https:\\\/\\\/secure.gravatar.com\\\/avatar\\\/a41cf11cca3cc95e198870ccc5040570d1bf056b2402fe8f0a59c2a326845955?s=96&d=mm&r=g\",\"url\":\"https:\\\/\\\/secure.gravatar.com\\\/avatar\\\/a41cf11cca3cc95e198870ccc5040570d1bf056b2402fe8f0a59c2a326845955?s=96&d=mm&r=g\",\"contentUrl\":\"https:\\\/\\\/secure.gravatar.com\\\/avatar\\\/a41cf11cca3cc95e198870ccc5040570d1bf056b2402fe8f0a59c2a326845955?s=96&d=mm&r=g\",\"caption\":\"website.integration\"},\"url\":\"https:\\\/\\\/alumniunige.ch\\\/en\\\/author\\\/website-integration\\\/\"}]}<\/script>\n<!-- \/ Yoast SEO plugin. -->","yoast_head_json":{"title":"Culture \u00e0 l'UNIGE - le catalogue des activit\u00e9s est disponible - ALUMNI - UNIGE","robots":{"index":"index","follow":"follow","max-snippet":"max-snippet:-1","max-image-preview":"max-image-preview:large","max-video-preview":"max-video-preview:-1"},"canonical":"https:\/\/alumniunige.ch\/en\/culture-a-lunige-le-catalogue-des-activites-est-disponible\/","og_locale":"en_US","og_type":"article","og_title":"Culture \u00e0 l'UNIGE - le catalogue des activit\u00e9s est disponible - ALUMNI - UNIGE","og_description":"Les membres d\u2019Alumni UNIGE b\u00e9n\u00e9ficient de tarifs pr\u00e9f\u00e9rentiels sur une\u00a0large s\u00e9lection de cours et d\u2019activit\u00e9s culturelles de l\u2019UNIGE. Les inscriptions ouvrent le 7 septembre !Les nouveaut\u00e9s sont nombreuses : chants du monde, cr\u00e9ation vid\u00e9o, samba et atelier drag, entre autres. Les classiques sont \u00e9galement au rendez-vous, avec notamment les arts du th\u00e9\u00e2tre, la c\u00e9ramique, la photographie et de nombreux styles de danse. Et, comme chaque ann\u00e9e, les concerts des ch\u0153urs et orchestres de l\u2019UNIGE ainsi que les projections du Cin\u00e9-club universitaire compl\u00e8tent cette offre.","og_url":"https:\/\/alumniunige.ch\/en\/culture-a-lunige-le-catalogue-des-activites-est-disponible\/","og_site_name":"ALUMNI - UNIGE","article_published_time":"2026-09-04T11:00:37+00:00","article_modified_time":"2026-09-04T17:00:32+00:00","og_image":[{"width":2280,"height":570,"url":"https:\/\/alumniunige.ch\/wp-content\/uploads\/2026\/09\/articles_6a9979187b47d82c83e03744.jpg","type":"image\/jpeg"}],"author":"website.integration","twitter_card":"summary_large_image","twitter_misc":{"Written by":"website.integration","Est. reading time":"1 minute"},"schema":{"@context":"https:\/\/schema.org","@graph":[{"@type":"Article","@id":"https:\/\/alumniunige.ch\/en\/culture-a-lunige-le-catalogue-des-activites-est-disponible\/#article","isPartOf":{"@id":"https:\/\/alumniunige.ch\/en\/culture-a-lunige-le-catalogue-des-activites-est-disponible\/"},"author":{"name":"website.integration","@id":"https:\/\/alumniunige.ch\/#\/schema\/person\/7b36591277922527cb7e723b9c3d4627"},"headline":"Culture \u00e0 l&#8217;UNIGE &#8211; le catalogue des activit\u00e9s est disponible","datePublished":"2026-09-04T11:00:37+00:00","dateModified":"2026-09-04T17:00:32+00:00","mainEntityOfPage":{"@id":"https:\/\/alumniunige.ch\/en\/culture-a-lunige-le-catalogue-des-activites-est-disponible\/"},"wordCount":128,"image":{"@id":"https:\/\/alumniunige.ch\/en\/culture-a-lunige-le-catalogue-des-activites-est-disponible\/#primaryimage"},"thumbnailUrl":"https:\/\/alumniunige.ch\/wp-content\/uploads\/2026\/09\/articles_6a9979187b47d82c83e03744.jpg","articleSection":["NEWS"],"inLanguage":"en-US"},{"@type":"WebPage","@id":"https:\/\/alumniunige.ch\/en\/culture-a-lunige-le-catalogue-des-activites-est-disponible\/","url":"https:\/\/alumniunige.ch\/en\/culture-a-lunige-le-catalogue-des-activites-est-disponible\/","name":"Culture \u00e0 l'UNIGE - le catalogue des activit\u00e9s est disponible - ALUMNI - UNIGE","isPartOf":{"@id":"https:\/\/alumniunige.ch\/#website"},"primaryImageOfPage":{"@id":"https:\/\/alumniunige.ch\/en\/culture-a-lunige-le-catalogue-des-activites-est-disponible\/#primaryimage"},"image":{"@id":"https:\/\/alumniunige.ch\/en\/culture-a-lunige-le-catalogue-des-activites-est-disponible\/#primaryimage"},"thumbnailUrl":"https:\/\/alumniunige.ch\/wp-content\/uploads\/2026\/09\/articles_6a9979187b47d82c83e03744.jpg","datePublished":"2026-09-04T11:00:37+00:00","dateModified":"2026-09-04T17:00:32+00:00","author":{"@id":"https:\/\/alumniunige.ch\/#\/schema\/person\/7b36591277922527cb7e723b9c3d4627"},"breadcrumb":{"@id":"https:\/\/alumniunige.ch\/en\/culture-a-lunige-le-catalogue-des-activites-est-disponible\/#breadcrumb"},"inLanguage":"en-US","potentialAction":[{"@type":"ReadAction","target":["https:\/\/alumniunige.ch\/en\/culture-a-lunige-le-catalogue-des-activites-est-disponible\/"]}]},{"@type":"ImageObject","inLanguage":"en-US","@id":"https:\/\/alumniunige.ch\/en\/culture-a-lunige-le-catalogue-des-activites-est-disponible\/#primaryimage","url":"https:\/\/alumniunige.ch\/wp-content\/uploads\/2026\/09\/articles_6a9979187b47d82c83e03744.jpg","contentUrl":"https:\/\/alumniunige.ch\/wp-content\/uploads\/2026\/09\/articles_6a9979187b47d82c83e03744.jpg","width":2280,"height":570},{"@type":"BreadcrumbList","@id":"https:\/\/alumniunige.ch\/en\/culture-a-lunige-le-catalogue-des-activites-est-disponible\/#breadcrumb","itemListElement":[{"@type":"ListItem","position":1,"name":"Startseite","item":"https:\/\/alumniunige.ch\/en\/"},{"@type":"ListItem","position":2,"name":"Culture \u00e0 l&#8217;UNIGE &#8211; le catalogue des activit\u00e9s est disponible"}]},{"@type":"WebSite","@id":"https:\/\/alumniunige.ch\/#website","url":"https:\/\/alumniunige.ch\/","name":"ALUMNI - UNIGE","description":"Universit\u00e9 de Gen\u00e8ve","potentialAction":[{"@type":"SearchAction","target":{"@type":"EntryPoint","urlTemplate":"https:\/\/alumniunige.ch\/?s={search_term_string}"},"query-input":{"@type":"PropertyValueSpecification","valueRequired":true,"valueName":"search_term_string"}}],"inLanguage":"en-US"},{"@type":"Person","@id":"https:\/\/alumniunige.ch\/#\/schema\/person\/7b36591277922527cb7e723b9c3d4627","name":"website.integration","image":{"@type":"ImageObject","inLanguage":"en-US","@id":"https:\/\/secure.gravatar.com\/avatar\/a41cf11cca3cc95e198870ccc5040570d1bf056b2402fe8f0a59c2a326845955?s=96&d=mm&r=g","url":"https:\/\/secure.gravatar.com\/avatar\/a41cf11cca3cc95e198870ccc5040570d1bf056b2402fe8f0a59c2a326845955?s=96&d=mm&r=g","contentUrl":"https:\/\/secure.gravatar.com\/avatar\/a41cf11cca3cc95e198870ccc5040570d1bf056b2402fe8f0a59c2a326845955?s=96&d=mm&r=g","caption":"website.integration"},"url":"https:\/\/alumniunige.ch\/en\/author\/website-integration\/"}]}},"_links":{"self":[{"href":"https:\/\/alumniunige.ch\/en\/wp-json\/wp\/v2\/posts\/164045","targetHints":{"allow":["GET"]}}],"collection":[{"href":"https:\/\/alumniunige.ch\/en\/wp-json\/wp\/v2\/posts"}],"about":[{"href":"https:\/\/alumniunige.ch\/en\/wp-json\/wp\/v2\/types\/post"}],"author":[{"embeddable":true,"href":"https:\/\/alumniunige.ch\/en\/wp-json\/wp\/v2\/users\/8"}],"replies":[{"embeddable":true,"href":"https:\/\/alumniunige.ch\/en\/wp-json\/wp\/v2\/comments?post=164045"}],"version-history":[{"count":1,"href":"https:\/\/alumniunige.ch\/en\/wp-json\/wp\/v2\/posts\/164045\/revisions"}],"predecessor-version":[{"id":164063,"href":"https:\/\/alumniunige.ch\/en\/wp-json\/wp\/v2\/posts\/164045\/revisions\/164063"}],"wp:featuredmedia":[{"embeddable":true,"href":"https:\/\/alumniunige.ch\/en\/wp-json\/wp\/v2\/media\/164043"}],"wp:attachment":[{"href":"https:\/\/alumniunige.ch\/en\/wp-json\/wp\/v2\/media?parent=164045"}],"wp:term":[{"taxonomy":"category","embeddable":true,"href":"https:\/\/alumniunige.ch\/en\/wp-json\/wp\/v2\/categories?post=164045"},{"taxonomy":"post_tag","embeddable":true,"href":"https:\/\/alumniunige.ch\/en\/wp-json\/wp\/v2\/tags?post=164045"}],"curies":[{"name":"wp","href":"https:\/\/api.w.org\/{rel}","templated":true}]}}