{"id":164041,"date":"2026-09-04T13:00:33","date_gmt":"2026-09-04T11:00:33","guid":{"rendered":"https:\/\/alumniunige.ch\/la-tempete-et-company-au-grand-theatre-a-des-prix-alumni\/"},"modified":"2026-09-04T19:00:29","modified_gmt":"2026-09-04T17:00:29","slug":"la-tempete-et-company-au-grand-theatre-a-des-prix-alumni","status":"publish","type":"post","link":"https:\/\/alumniunige.ch\/en\/la-tempete-et-company-au-grand-theatre-a-des-prix-alumni\/","title":{"rendered":"La Temp\u00eate et Company au Grand Th\u00e9\u00e2tre \u00e0 des prix alumni"},"content":{"rendered":"<p><span style=\"font-size:0.5em;\"><\/span>Pour les alumni qui attendent avec impatience de profiter du rabais de 15 % du GTG, la saison 26-27 s\u2019annonce prometteuse : en septembre, <em>La Temp\u00eate<\/em> de Shakespeare m\u00eale drame, romance et com\u00e9die autour de la vengeance du magicien Prospero sur une \u00eele myst\u00e9rieuse, dans une \u0153uvre lyrique chatoyante du compositeur genevois Frank Martin.<\/p>\n<p><img decoding=\"async\" align=\"right\" alt=\"\" class=\"iw-rte-image-inline\" hspace=\"5\" src=\"https:\/\/alumniunige.ch\/custom\/ugva\/imgcache\/65410f054be517b731f47e4b0e36b55a.jpg\" style=\"width:171px;float:right;margin-left:12px;max-width:100%;\" title=\"\" vspace=\"3\" width=\"171\">En octobre, <em>Company <\/em>de Stephen Sondheim diss\u00e8que avec ironie et tendresse les tracas de la vie conjugale, \u00e0 travers les chroniques d\u2019un groupe de New-Yorkais en pleine crise existentielle. Confi\u00e9 au chef Larry Blank, ce titre phare du r\u00e9pertoire am\u00e9ricain est pr\u00e9sent\u00e9 au BFM dans une adaptation fran\u00e7aise, port\u00e9e par la mise en sc\u00e8ne survolt\u00e9e de James Bonas et les chor\u00e9graphies effr\u00e9n\u00e9es d\u2019Ewan Jones.<\/p>\n<p>&nbsp;<\/p>\n<p>\n<!--more--><br \/>\n<br \/>\nLire la suite <a href=\"https:\/\/alumniunige.ch\/portal\/group\/feed?contentId=6a9047ff15431e0798cf2370&amp;contentType=dynamic.article_content\">sur notre plate-forme<\/a>.<\/p>\n<p>Pas encore inscrit ? <a href=\"https:\/\/alumniunige.ch\/association\/#devenir-membre\">Devenez membre d\u2019Alumni UNIGE<\/a>.<\/p>\n","protected":false},"excerpt":{"rendered":"<p><span style=\"font-size:0.5em;\"><img decoding=\"async\" align=\"left\" alt=\"\" class=\"iw-rte-image-inline\" hspace=\"5\" src=\"https:\/\/alumniunige.ch\/custom\/ugva\/imgcache\/5c193482dbbddfcf23d67287288f0230.jpg\" style=\"width:33%;float:left;margin-right:12px;max-width:100%;\" title=\"\" vspace=\"3\" width=\"171\"><\/span>Pour les alumni qui attendent avec impatience de profiter du rabais de 15 % du GTG, la saison 26-27 s\u2019annonce prometteuse : en septembre, <em>La Temp\u00eate<\/em> de Shakespeare m\u00eale drame, romance et com\u00e9die autour de la vengeance du magicien Prospero sur une \u00eele myst\u00e9rieuse, dans une \u0153uvre lyrique chatoyante du compositeur genevois Frank Martin.<\/p>\n<p><img decoding=\"async\" align=\"right\" alt=\"\" class=\"iw-rte-image-inline\" hspace=\"5\" src=\"https:\/\/alumniunige.ch\/custom\/ugva\/imgcache\/65410f054be517b731f47e4b0e36b55a.jpg\" style=\"width:171px;float:right;margin-left:12px;max-width:100%;\" title=\"\" vspace=\"3\" width=\"171\">En octobre, <em>Company <\/em>de Stephen Sondheim diss\u00e8que avec ironie et tendresse les tracas de la vie conjugale, \u00e0 travers les chroniques d\u2019un groupe de New-Yorkais en pleine crise existentielle. Confi\u00e9 au chef Larry Blank, ce titre phare du r\u00e9pertoire am\u00e9ricain est pr\u00e9sent\u00e9 au BFM dans une adaptation fran\u00e7aise, port\u00e9e par la mise en sc\u00e8ne survolt\u00e9e de James Bonas et les chor\u00e9graphies effr\u00e9n\u00e9es d\u2019Ewan Jones.<\/p>\n<p>\u00a0<\/p>\n","protected":false},"author":8,"featured_media":164039,"comment_status":"closed","ping_status":"closed","sticky":false,"template":"","format":"standard","meta":{"_acf_changed":false,"footnotes":"","_members_access_role":[],"_members_access_error":""},"categories":[62],"tags":[],"class_list":["post-164041","post","type-post","status-publish","format-standard","has-post-thumbnail","hentry","category-unige-news-en"],"acf":{"peoplepath_id":"6a9047ff15431e0798cf2370"},"yoast_head":"<!-- This site is optimized with the Yoast SEO plugin v28.4 - https:\/\/yoast.com\/product\/yoast-seo-wordpress\/ -->\n<title>La Temp\u00eate et Company au Grand Th\u00e9\u00e2tre \u00e0 des prix alumni - ALUMNI - UNIGE<\/title>\n<meta name=\"robots\" content=\"index, follow, max-snippet:-1, max-image-preview:large, max-video-preview:-1\" \/>\n<link rel=\"canonical\" href=\"https:\/\/alumniunige.ch\/en\/la-tempete-et-company-au-grand-theatre-a-des-prix-alumni\/\" \/>\n<meta property=\"og:locale\" content=\"en_US\" \/>\n<meta property=\"og:type\" content=\"article\" \/>\n<meta property=\"og:title\" content=\"La Temp\u00eate et Company au Grand Th\u00e9\u00e2tre \u00e0 des prix alumni - ALUMNI - UNIGE\" \/>\n<meta property=\"og:description\" content=\"Pour les alumni qui attendent avec impatience de profiter du rabais de 15 % du GTG, la saison 26-27 s\u2019annonce prometteuse : en septembre, La Temp\u00eate de Shakespeare m\u00eale drame, romance et com\u00e9die autour de la vengeance du magicien Prospero sur une \u00eele myst\u00e9rieuse, dans une \u0153uvre lyrique chatoyante du compositeur genevois Frank Martin.En octobre, Company de Stephen Sondheim diss\u00e8que avec ironie et tendresse les tracas de la vie conjugale, \u00e0 travers les chroniques d\u2019un groupe de New-Yorkais en pleine crise existentielle. Confi\u00e9 au chef Larry Blank, ce titre phare du r\u00e9pertoire am\u00e9ricain est pr\u00e9sent\u00e9 au BFM dans une adaptation fran\u00e7aise, port\u00e9e par la mise en sc\u00e8ne survolt\u00e9e de James Bonas et les chor\u00e9graphies effr\u00e9n\u00e9es d\u2019Ewan Jones.\u00a0\" \/>\n<meta property=\"og:url\" content=\"https:\/\/alumniunige.ch\/en\/la-tempete-et-company-au-grand-theatre-a-des-prix-alumni\/\" \/>\n<meta property=\"og:site_name\" content=\"ALUMNI - UNIGE\" \/>\n<meta property=\"article:published_time\" content=\"2026-09-04T11:00:33+00:00\" \/>\n<meta property=\"article:modified_time\" content=\"2026-09-04T17:00:29+00:00\" \/>\n<meta property=\"og:image\" content=\"https:\/\/alumniunige.ch\/wp-content\/uploads\/2026\/09\/articles_6a9047ff15431e0798cf2370.jpg\" \/>\n\t<meta property=\"og:image:width\" content=\"800\" \/>\n\t<meta property=\"og:image:height\" content=\"800\" \/>\n\t<meta property=\"og:image:type\" content=\"image\/jpeg\" \/>\n<meta name=\"author\" content=\"website.integration\" \/>\n<meta name=\"twitter:card\" content=\"summary_large_image\" \/>\n<meta name=\"twitter:label1\" content=\"Written by\" \/>\n\t<meta name=\"twitter:data1\" content=\"website.integration\" \/>\n\t<meta name=\"twitter:label2\" content=\"Est. reading time\" \/>\n\t<meta name=\"twitter:data2\" content=\"1 minute\" \/>\n<script type=\"application\/ld+json\" class=\"yoast-schema-graph\">{\"@context\":\"https:\\\/\\\/schema.org\",\"@graph\":[{\"@type\":\"Article\",\"@id\":\"https:\\\/\\\/alumniunige.ch\\\/en\\\/la-tempete-et-company-au-grand-theatre-a-des-prix-alumni\\\/#article\",\"isPartOf\":{\"@id\":\"https:\\\/\\\/alumniunige.ch\\\/en\\\/la-tempete-et-company-au-grand-theatre-a-des-prix-alumni\\\/\"},\"author\":{\"name\":\"website.integration\",\"@id\":\"https:\\\/\\\/alumniunige.ch\\\/#\\\/schema\\\/person\\\/7b36591277922527cb7e723b9c3d4627\"},\"headline\":\"La Temp\u00eate et Company au Grand Th\u00e9\u00e2tre \u00e0 des prix alumni\",\"datePublished\":\"2026-09-04T11:00:33+00:00\",\"dateModified\":\"2026-09-04T17:00:29+00:00\",\"mainEntityOfPage\":{\"@id\":\"https:\\\/\\\/alumniunige.ch\\\/en\\\/la-tempete-et-company-au-grand-theatre-a-des-prix-alumni\\\/\"},\"wordCount\":159,\"image\":{\"@id\":\"https:\\\/\\\/alumniunige.ch\\\/en\\\/la-tempete-et-company-au-grand-theatre-a-des-prix-alumni\\\/#primaryimage\"},\"thumbnailUrl\":\"https:\\\/\\\/alumniunige.ch\\\/wp-content\\\/uploads\\\/2026\\\/09\\\/articles_6a9047ff15431e0798cf2370.jpg\",\"articleSection\":[\"NEWS\"],\"inLanguage\":\"en-US\"},{\"@type\":\"WebPage\",\"@id\":\"https:\\\/\\\/alumniunige.ch\\\/en\\\/la-tempete-et-company-au-grand-theatre-a-des-prix-alumni\\\/\",\"url\":\"https:\\\/\\\/alumniunige.ch\\\/en\\\/la-tempete-et-company-au-grand-theatre-a-des-prix-alumni\\\/\",\"name\":\"La Temp\u00eate et Company au Grand Th\u00e9\u00e2tre \u00e0 des prix alumni - ALUMNI - UNIGE\",\"isPartOf\":{\"@id\":\"https:\\\/\\\/alumniunige.ch\\\/#website\"},\"primaryImageOfPage\":{\"@id\":\"https:\\\/\\\/alumniunige.ch\\\/en\\\/la-tempete-et-company-au-grand-theatre-a-des-prix-alumni\\\/#primaryimage\"},\"image\":{\"@id\":\"https:\\\/\\\/alumniunige.ch\\\/en\\\/la-tempete-et-company-au-grand-theatre-a-des-prix-alumni\\\/#primaryimage\"},\"thumbnailUrl\":\"https:\\\/\\\/alumniunige.ch\\\/wp-content\\\/uploads\\\/2026\\\/09\\\/articles_6a9047ff15431e0798cf2370.jpg\",\"datePublished\":\"2026-09-04T11:00:33+00:00\",\"dateModified\":\"2026-09-04T17:00:29+00:00\",\"author\":{\"@id\":\"https:\\\/\\\/alumniunige.ch\\\/#\\\/schema\\\/person\\\/7b36591277922527cb7e723b9c3d4627\"},\"breadcrumb\":{\"@id\":\"https:\\\/\\\/alumniunige.ch\\\/en\\\/la-tempete-et-company-au-grand-theatre-a-des-prix-alumni\\\/#breadcrumb\"},\"inLanguage\":\"en-US\",\"potentialAction\":[{\"@type\":\"ReadAction\",\"target\":[\"https:\\\/\\\/alumniunige.ch\\\/en\\\/la-tempete-et-company-au-grand-theatre-a-des-prix-alumni\\\/\"]}]},{\"@type\":\"ImageObject\",\"inLanguage\":\"en-US\",\"@id\":\"https:\\\/\\\/alumniunige.ch\\\/en\\\/la-tempete-et-company-au-grand-theatre-a-des-prix-alumni\\\/#primaryimage\",\"url\":\"https:\\\/\\\/alumniunige.ch\\\/wp-content\\\/uploads\\\/2026\\\/09\\\/articles_6a9047ff15431e0798cf2370.jpg\",\"contentUrl\":\"https:\\\/\\\/alumniunige.ch\\\/wp-content\\\/uploads\\\/2026\\\/09\\\/articles_6a9047ff15431e0798cf2370.jpg\",\"width\":800,\"height\":800},{\"@type\":\"BreadcrumbList\",\"@id\":\"https:\\\/\\\/alumniunige.ch\\\/en\\\/la-tempete-et-company-au-grand-theatre-a-des-prix-alumni\\\/#breadcrumb\",\"itemListElement\":[{\"@type\":\"ListItem\",\"position\":1,\"name\":\"Startseite\",\"item\":\"https:\\\/\\\/alumniunige.ch\\\/en\\\/\"},{\"@type\":\"ListItem\",\"position\":2,\"name\":\"La Temp\u00eate et Company au Grand Th\u00e9\u00e2tre \u00e0 des prix alumni\"}]},{\"@type\":\"WebSite\",\"@id\":\"https:\\\/\\\/alumniunige.ch\\\/#website\",\"url\":\"https:\\\/\\\/alumniunige.ch\\\/\",\"name\":\"ALUMNI - UNIGE\",\"description\":\"Universit\u00e9 de Gen\u00e8ve\",\"potentialAction\":[{\"@type\":\"SearchAction\",\"target\":{\"@type\":\"EntryPoint\",\"urlTemplate\":\"https:\\\/\\\/alumniunige.ch\\\/?s={search_term_string}\"},\"query-input\":{\"@type\":\"PropertyValueSpecification\",\"valueRequired\":true,\"valueName\":\"search_term_string\"}}],\"inLanguage\":\"en-US\"},{\"@type\":\"Person\",\"@id\":\"https:\\\/\\\/alumniunige.ch\\\/#\\\/schema\\\/person\\\/7b36591277922527cb7e723b9c3d4627\",\"name\":\"website.integration\",\"image\":{\"@type\":\"ImageObject\",\"inLanguage\":\"en-US\",\"@id\":\"https:\\\/\\\/secure.gravatar.com\\\/avatar\\\/a41cf11cca3cc95e198870ccc5040570d1bf056b2402fe8f0a59c2a326845955?s=96&d=mm&r=g\",\"url\":\"https:\\\/\\\/secure.gravatar.com\\\/avatar\\\/a41cf11cca3cc95e198870ccc5040570d1bf056b2402fe8f0a59c2a326845955?s=96&d=mm&r=g\",\"contentUrl\":\"https:\\\/\\\/secure.gravatar.com\\\/avatar\\\/a41cf11cca3cc95e198870ccc5040570d1bf056b2402fe8f0a59c2a326845955?s=96&d=mm&r=g\",\"caption\":\"website.integration\"},\"url\":\"https:\\\/\\\/alumniunige.ch\\\/en\\\/author\\\/website-integration\\\/\"}]}<\/script>\n<!-- \/ Yoast SEO plugin. -->","yoast_head_json":{"title":"La Temp\u00eate et Company au Grand Th\u00e9\u00e2tre \u00e0 des prix alumni - ALUMNI - UNIGE","robots":{"index":"index","follow":"follow","max-snippet":"max-snippet:-1","max-image-preview":"max-image-preview:large","max-video-preview":"max-video-preview:-1"},"canonical":"https:\/\/alumniunige.ch\/en\/la-tempete-et-company-au-grand-theatre-a-des-prix-alumni\/","og_locale":"en_US","og_type":"article","og_title":"La Temp\u00eate et Company au Grand Th\u00e9\u00e2tre \u00e0 des prix alumni - ALUMNI - UNIGE","og_description":"Pour les alumni qui attendent avec impatience de profiter du rabais de 15 % du GTG, la saison 26-27 s\u2019annonce prometteuse : en septembre, La Temp\u00eate de Shakespeare m\u00eale drame, romance et com\u00e9die autour de la vengeance du magicien Prospero sur une \u00eele myst\u00e9rieuse, dans une \u0153uvre lyrique chatoyante du compositeur genevois Frank Martin.En octobre, Company de Stephen Sondheim diss\u00e8que avec ironie et tendresse les tracas de la vie conjugale, \u00e0 travers les chroniques d\u2019un groupe de New-Yorkais en pleine crise existentielle. Confi\u00e9 au chef Larry Blank, ce titre phare du r\u00e9pertoire am\u00e9ricain est pr\u00e9sent\u00e9 au BFM dans une adaptation fran\u00e7aise, port\u00e9e par la mise en sc\u00e8ne survolt\u00e9e de James Bonas et les chor\u00e9graphies effr\u00e9n\u00e9es d\u2019Ewan Jones.\u00a0","og_url":"https:\/\/alumniunige.ch\/en\/la-tempete-et-company-au-grand-theatre-a-des-prix-alumni\/","og_site_name":"ALUMNI - UNIGE","article_published_time":"2026-09-04T11:00:33+00:00","article_modified_time":"2026-09-04T17:00:29+00:00","og_image":[{"width":800,"height":800,"url":"https:\/\/alumniunige.ch\/wp-content\/uploads\/2026\/09\/articles_6a9047ff15431e0798cf2370.jpg","type":"image\/jpeg"}],"author":"website.integration","twitter_card":"summary_large_image","twitter_misc":{"Written by":"website.integration","Est. reading time":"1 minute"},"schema":{"@context":"https:\/\/schema.org","@graph":[{"@type":"Article","@id":"https:\/\/alumniunige.ch\/en\/la-tempete-et-company-au-grand-theatre-a-des-prix-alumni\/#article","isPartOf":{"@id":"https:\/\/alumniunige.ch\/en\/la-tempete-et-company-au-grand-theatre-a-des-prix-alumni\/"},"author":{"name":"website.integration","@id":"https:\/\/alumniunige.ch\/#\/schema\/person\/7b36591277922527cb7e723b9c3d4627"},"headline":"La Temp\u00eate et Company au Grand Th\u00e9\u00e2tre \u00e0 des prix alumni","datePublished":"2026-09-04T11:00:33+00:00","dateModified":"2026-09-04T17:00:29+00:00","mainEntityOfPage":{"@id":"https:\/\/alumniunige.ch\/en\/la-tempete-et-company-au-grand-theatre-a-des-prix-alumni\/"},"wordCount":159,"image":{"@id":"https:\/\/alumniunige.ch\/en\/la-tempete-et-company-au-grand-theatre-a-des-prix-alumni\/#primaryimage"},"thumbnailUrl":"https:\/\/alumniunige.ch\/wp-content\/uploads\/2026\/09\/articles_6a9047ff15431e0798cf2370.jpg","articleSection":["NEWS"],"inLanguage":"en-US"},{"@type":"WebPage","@id":"https:\/\/alumniunige.ch\/en\/la-tempete-et-company-au-grand-theatre-a-des-prix-alumni\/","url":"https:\/\/alumniunige.ch\/en\/la-tempete-et-company-au-grand-theatre-a-des-prix-alumni\/","name":"La Temp\u00eate et Company au Grand Th\u00e9\u00e2tre \u00e0 des prix alumni - ALUMNI - UNIGE","isPartOf":{"@id":"https:\/\/alumniunige.ch\/#website"},"primaryImageOfPage":{"@id":"https:\/\/alumniunige.ch\/en\/la-tempete-et-company-au-grand-theatre-a-des-prix-alumni\/#primaryimage"},"image":{"@id":"https:\/\/alumniunige.ch\/en\/la-tempete-et-company-au-grand-theatre-a-des-prix-alumni\/#primaryimage"},"thumbnailUrl":"https:\/\/alumniunige.ch\/wp-content\/uploads\/2026\/09\/articles_6a9047ff15431e0798cf2370.jpg","datePublished":"2026-09-04T11:00:33+00:00","dateModified":"2026-09-04T17:00:29+00:00","author":{"@id":"https:\/\/alumniunige.ch\/#\/schema\/person\/7b36591277922527cb7e723b9c3d4627"},"breadcrumb":{"@id":"https:\/\/alumniunige.ch\/en\/la-tempete-et-company-au-grand-theatre-a-des-prix-alumni\/#breadcrumb"},"inLanguage":"en-US","potentialAction":[{"@type":"ReadAction","target":["https:\/\/alumniunige.ch\/en\/la-tempete-et-company-au-grand-theatre-a-des-prix-alumni\/"]}]},{"@type":"ImageObject","inLanguage":"en-US","@id":"https:\/\/alumniunige.ch\/en\/la-tempete-et-company-au-grand-theatre-a-des-prix-alumni\/#primaryimage","url":"https:\/\/alumniunige.ch\/wp-content\/uploads\/2026\/09\/articles_6a9047ff15431e0798cf2370.jpg","contentUrl":"https:\/\/alumniunige.ch\/wp-content\/uploads\/2026\/09\/articles_6a9047ff15431e0798cf2370.jpg","width":800,"height":800},{"@type":"BreadcrumbList","@id":"https:\/\/alumniunige.ch\/en\/la-tempete-et-company-au-grand-theatre-a-des-prix-alumni\/#breadcrumb","itemListElement":[{"@type":"ListItem","position":1,"name":"Startseite","item":"https:\/\/alumniunige.ch\/en\/"},{"@type":"ListItem","position":2,"name":"La Temp\u00eate et Company au Grand Th\u00e9\u00e2tre \u00e0 des prix alumni"}]},{"@type":"WebSite","@id":"https:\/\/alumniunige.ch\/#website","url":"https:\/\/alumniunige.ch\/","name":"ALUMNI - UNIGE","description":"Universit\u00e9 de Gen\u00e8ve","potentialAction":[{"@type":"SearchAction","target":{"@type":"EntryPoint","urlTemplate":"https:\/\/alumniunige.ch\/?s={search_term_string}"},"query-input":{"@type":"PropertyValueSpecification","valueRequired":true,"valueName":"search_term_string"}}],"inLanguage":"en-US"},{"@type":"Person","@id":"https:\/\/alumniunige.ch\/#\/schema\/person\/7b36591277922527cb7e723b9c3d4627","name":"website.integration","image":{"@type":"ImageObject","inLanguage":"en-US","@id":"https:\/\/secure.gravatar.com\/avatar\/a41cf11cca3cc95e198870ccc5040570d1bf056b2402fe8f0a59c2a326845955?s=96&d=mm&r=g","url":"https:\/\/secure.gravatar.com\/avatar\/a41cf11cca3cc95e198870ccc5040570d1bf056b2402fe8f0a59c2a326845955?s=96&d=mm&r=g","contentUrl":"https:\/\/secure.gravatar.com\/avatar\/a41cf11cca3cc95e198870ccc5040570d1bf056b2402fe8f0a59c2a326845955?s=96&d=mm&r=g","caption":"website.integration"},"url":"https:\/\/alumniunige.ch\/en\/author\/website-integration\/"}]}},"_links":{"self":[{"href":"https:\/\/alumniunige.ch\/en\/wp-json\/wp\/v2\/posts\/164041","targetHints":{"allow":["GET"]}}],"collection":[{"href":"https:\/\/alumniunige.ch\/en\/wp-json\/wp\/v2\/posts"}],"about":[{"href":"https:\/\/alumniunige.ch\/en\/wp-json\/wp\/v2\/types\/post"}],"author":[{"embeddable":true,"href":"https:\/\/alumniunige.ch\/en\/wp-json\/wp\/v2\/users\/8"}],"replies":[{"embeddable":true,"href":"https:\/\/alumniunige.ch\/en\/wp-json\/wp\/v2\/comments?post=164041"}],"version-history":[{"count":1,"href":"https:\/\/alumniunige.ch\/en\/wp-json\/wp\/v2\/posts\/164041\/revisions"}],"predecessor-version":[{"id":164061,"href":"https:\/\/alumniunige.ch\/en\/wp-json\/wp\/v2\/posts\/164041\/revisions\/164061"}],"wp:featuredmedia":[{"embeddable":true,"href":"https:\/\/alumniunige.ch\/en\/wp-json\/wp\/v2\/media\/164039"}],"wp:attachment":[{"href":"https:\/\/alumniunige.ch\/en\/wp-json\/wp\/v2\/media?parent=164041"}],"wp:term":[{"taxonomy":"category","embeddable":true,"href":"https:\/\/alumniunige.ch\/en\/wp-json\/wp\/v2\/categories?post=164041"},{"taxonomy":"post_tag","embeddable":true,"href":"https:\/\/alumniunige.ch\/en\/wp-json\/wp\/v2\/tags?post=164041"}],"curies":[{"name":"wp","href":"https:\/\/api.w.org\/{rel}","templated":true}]}}