{"id":164031,"date":"2026-09-01T13:00:30","date_gmt":"2026-09-01T11:00:30","guid":{"rendered":"https:\/\/alumniunige.ch\/de-lautre-cote-du-tableau-noir-les-mathematiques-a-visage-humain-lecon-douverture-du-semestre-dautomne-2026\/"},"modified":"2026-09-01T15:00:27","modified_gmt":"2026-09-01T13:00:27","slug":"de-lautre-cote-du-tableau-noir-les-mathematiques-a-visage-humain-lecon-douverture-du-semestre-dautomne-2026","status":"publish","type":"post","link":"https:\/\/alumniunige.ch\/en\/de-lautre-cote-du-tableau-noir-les-mathematiques-a-visage-humain-lecon-douverture-du-semestre-dautomne-2026\/","title":{"rendered":"\u00ab De l\u2019autre c\u00f4t\u00e9 du tableau noir : les math\u00e9matiques \u00e0 visage humain \u00bb &#8211; Le\u00e7on d&#8217;ouverture du semestre d&#8217;automne 2026"},"content":{"rendered":"<p>De: mardi 15 septembre 2026 18:30 \u00e0 mardi 15 septembre 2026 20:00<\/br><\/p>\n<p>Les math\u00e9matiques sont-elles vraiment une affaire de calcul ? Comment un probl\u00e8me qui tient en une seule phrase peut-il occuper des chercheurs et des chercheuses pendant des ann\u00e9es ? D&#8217;o\u00f9 viennent les fameux moments \u00ab Eur\u00eaka \u00bb ?<\/p>\n<p>En croisant les regards du psychologue <strong>Emmanuel Sander<\/strong> et du math\u00e9maticien m\u00e9daill\u00e9 Fields <strong>Hugo Duminil-Copin<\/strong>, cette rencontre propose une immersion dans les coulisses de la cr\u00e9ation math\u00e9matique. \u00c0 travers le r\u00e9cit de grandes et petites d\u00e9couvertes, les intervenants explorent la mani\u00e8re dont \u00e9mergent les id\u00e9es, le r\u00f4le de l&#8217;intuition, des analogies et de la cr\u00e9ativit\u00e9, pour montrer que les math\u00e9matiques sont avant tout une aventure profond\u00e9ment humaine.<\/p>\n<p>Cette conf\u00e9rence est aussi une invitation \u00e0 r\u00e9fl\u00e9chir \u00e0 la place des math\u00e9matiques dans notre soci\u00e9t\u00e9. \u00c0 l&#8217;heure o\u00f9 nous sommes quotidiennement confront\u00e9s aux statistiques, aux probabilit\u00e9s, aux algorithmes, \u00e0 l&#8217;intelligence artificielle et \u00e0 l&#8217;incertitude, elles constituent bien davantage qu&#8217;un ensemble de techniques : elles offrent des outils pour raisonner, exercer notre esprit critique, distinguer l&#8217;essentiel de l&#8217;accessoire et mieux comprendre le monde qui nous entoure.<\/p>\n<p>Enfin, en mettant en dialogue les math\u00e9matiques et la psychologie, les conf\u00e9renciers proposent de repenser la mani\u00e8re dont on apprend et transmet les math\u00e9matiques, en explorant ce qui rend certaines explications f\u00e9condes et d&#8217;autres d\u00e9courageantes.<\/p>\n<p>Cette rencontre montre que les math\u00e9matiques sont avant tout une mani\u00e8re de penser, de chercher, de comprendre et de dialoguer avec le r\u00e9el.<\/p>\n<p><strong><a class=\"iw-rte-link-inline\" href=\"https:\/\/www.unige.ch\/cite\/evenements\/lecons-ouverture\/de-lautre-cote-du-tableau-noir-les-mathematiques-visage-humain\" target=\"_blank\" rel=\"noreferrer noopener\">Plus d&#8217;infos<\/a><\/strong><\/p>\n<p><\/br><\/br>Lieu: \u00a0Uni Dufour, salle U600<\/br><\/br>Lien GoogleMap: <a href=\"https:\/\/maps.app.goo.gl\/1ftjLBz1AMT6DTVi9\"> Voir<\/a><\/br><\/br><!--more--><\/br><\/br>S&#8217;inscrire \u00e0 cet \u00e9v\u00e9nement <a href=\"https:\/\/alumniunige.ch\/portal\/index.php?redirect=Mzg1ZDllMjdjY2ExN2Y1MjVmNjA4ODllba6rWeNowp7P4Vwl%2BlnoG%2BeLdeR3OfpDzYkvcTsmLabVOfZKU7E1UEOmdMFjQNH8Cb31ujonDeD0\">sur notre plate-forme<\/a>. <\/br><\/br>Pas encore inscrit ? <a href=\"https:\/\/alumniunige.ch\/association\/#devenir-membre\">Devenez membre d\u2019Alumni UNIGE<\/a>.<\/p>\n","protected":false},"excerpt":{"rendered":"<p>De: mardi 15 septembre 2026 18:30 \u00e0 mardi 15 septembre 2026 20:00<\/br><\/br><\/p>\n<p>Les math\u00e9matiques sont-elles vraiment une affaire de calcul ? Comment un probl\u00e8me qui tient en une seule phrase peut-il occuper des chercheurs et des chercheuses pendant des ann\u00e9es ? D&#8217;o\u00f9 viennent les fameux moments \u00ab Eur\u00eaka \u00bb ?<\/p>\n<p>En croisant les regards du psychologue <strong>Emmanuel Sander<\/strong> et du math\u00e9maticien m\u00e9daill\u00e9 Fields <strong>Hugo Duminil-Copin<\/strong>, cette rencontre propose une immersion dans les coulisses de la cr\u00e9ation math\u00e9matique. \u00c0 travers le r\u00e9cit de grandes et petites d\u00e9couvertes, les intervenants explorent la mani\u00e8re dont \u00e9mergent les id\u00e9es, le r\u00f4le de l&#8217;intuition, des analogies et de la cr\u00e9ativit\u00e9, pour montrer que les math\u00e9matiques sont avant tout une aventure profond\u00e9ment humaine.<\/p>\n<p>Cette conf\u00e9rence est aussi une invitation \u00e0 r\u00e9fl\u00e9chir \u00e0 la place des math\u00e9matiques dans notre soci\u00e9t\u00e9. \u00c0 l&#8217;heure o\u00f9 nous sommes quotidiennement confront\u00e9s aux statistiques, aux probabilit\u00e9s, aux algorithmes, \u00e0 l&#8217;intelligence artificielle et \u00e0 l&#8217;incertitude, elles constituent bien davantage qu&#8217;un ensemble de techniques : elles offrent des outils pour raisonner, exercer notre esprit critique, distinguer l&#8217;essentiel de l&#8217;accessoire et mieux comprendre le monde qui nous entoure.<\/p>\n<p>Enfin, en mettant en dialogue les math\u00e9matiques et la psychologie, les conf\u00e9renciers proposent de repenser la mani\u00e8re dont on apprend et transmet les math\u00e9matiques, en explorant ce qui rend certaines explications f\u00e9condes et d&#8217;autres d\u00e9courageantes.<\/p>\n<p>Cette rencontre montre que les math\u00e9matiques sont avant tout une mani\u00e8re de penser, de chercher, de comprendre et de dialoguer avec le r\u00e9el.<\/p>\n<p><strong><a class=\"iw-rte-link-inline\" href=\"https:\/\/www.unige.ch\/cite\/evenements\/lecons-ouverture\/de-lautre-cote-du-tableau-noir-les-mathematiques-visage-humain\" target=\"_blank\" rel=\"noreferrer noopener\">Plus d&#8217;infos<\/a><\/strong><\/p>\n<p><\/br><\/br>Lieu: \u00a0Uni Dufour, salle U600<\/br><\/br>Lien GoogleMap: <a href=\"https:\/\/maps.app.goo.gl\/1ftjLBz1AMT6DTVi9\"> Voir<\/a><\/p>\n","protected":false},"author":8,"featured_media":164029,"comment_status":"closed","ping_status":"closed","sticky":false,"template":"","format":"standard","meta":{"_acf_changed":false,"footnotes":"","_members_access_role":[],"_members_access_error":""},"categories":[64],"tags":[],"class_list":["post-164031","post","type-post","status-publish","format-standard","has-post-thumbnail","hentry","category-unige-events-en"],"acf":{"peoplepath_id":"1630"},"yoast_head":"<!-- This site is optimized with the Yoast SEO plugin v28.3 - https:\/\/yoast.com\/product\/yoast-seo-wordpress\/ -->\n<title>\u00ab De l\u2019autre c\u00f4t\u00e9 du tableau noir : les math\u00e9matiques \u00e0 visage humain \u00bb - Le\u00e7on d&#039;ouverture du semestre d&#039;automne 2026 - ALUMNI - UNIGE<\/title>\n<meta name=\"robots\" content=\"index, follow, max-snippet:-1, max-image-preview:large, max-video-preview:-1\" \/>\n<link rel=\"canonical\" href=\"https:\/\/alumniunige.ch\/en\/de-lautre-cote-du-tableau-noir-les-mathematiques-a-visage-humain-lecon-douverture-du-semestre-dautomne-2026\/\" \/>\n<meta property=\"og:locale\" content=\"en_US\" \/>\n<meta property=\"og:type\" content=\"article\" \/>\n<meta property=\"og:title\" content=\"\u00ab De l\u2019autre c\u00f4t\u00e9 du tableau noir : les math\u00e9matiques \u00e0 visage humain \u00bb - Le\u00e7on d&#039;ouverture du semestre d&#039;automne 2026 - ALUMNI - UNIGE\" \/>\n<meta property=\"og:description\" content=\"De: mardi 15 septembre 2026 18:30 \u00e0 mardi 15 septembre 2026 20:00Les math\u00e9matiques sont-elles vraiment une affaire de calcul ? Comment un probl\u00e8me qui tient en une seule phrase peut-il occuper des chercheurs et des chercheuses pendant des ann\u00e9es ? D&#039;o\u00f9 viennent les fameux moments \u00ab Eur\u00eaka \u00bb ?En croisant les regards du psychologue Emmanuel Sander et du math\u00e9maticien m\u00e9daill\u00e9 Fields Hugo Duminil-Copin, cette rencontre propose une immersion dans les coulisses de la cr\u00e9ation math\u00e9matique. \u00c0 travers le r\u00e9cit de grandes et petites d\u00e9couvertes, les intervenants explorent la mani\u00e8re dont \u00e9mergent les id\u00e9es, le r\u00f4le de l&#039;intuition, des analogies et de la cr\u00e9ativit\u00e9, pour montrer que les math\u00e9matiques sont avant tout une aventure profond\u00e9ment humaine.Cette conf\u00e9rence est aussi une invitation \u00e0 r\u00e9fl\u00e9chir \u00e0 la place des math\u00e9matiques dans notre soci\u00e9t\u00e9. \u00c0 l&#039;heure o\u00f9 nous sommes quotidiennement confront\u00e9s aux statistiques, aux probabilit\u00e9s, aux algorithmes, \u00e0 l&#039;intelligence artificielle et \u00e0 l&#039;incertitude, elles constituent bien davantage qu&#039;un ensemble de techniques : elles offrent des outils pour raisonner, exercer notre esprit critique, distinguer l&#039;essentiel de l&#039;accessoire et mieux comprendre le monde qui nous entoure.Enfin, en mettant en dialogue les math\u00e9matiques et la psychologie, les conf\u00e9renciers proposent de repenser la mani\u00e8re dont on apprend et transmet les math\u00e9matiques, en explorant ce qui rend certaines explications f\u00e9condes et d&#039;autres d\u00e9courageantes.Cette rencontre montre que les math\u00e9matiques sont avant tout une mani\u00e8re de penser, de chercher, de comprendre et de dialoguer avec le r\u00e9el.Plus d&#039;infosLieu: \u00a0Uni Dufour, salle U600Lien GoogleMap: Voir\" \/>\n<meta property=\"og:url\" content=\"https:\/\/alumniunige.ch\/en\/de-lautre-cote-du-tableau-noir-les-mathematiques-a-visage-humain-lecon-douverture-du-semestre-dautomne-2026\/\" \/>\n<meta property=\"og:site_name\" content=\"ALUMNI - UNIGE\" \/>\n<meta property=\"article:published_time\" content=\"2026-09-01T11:00:30+00:00\" \/>\n<meta property=\"article:modified_time\" content=\"2026-09-01T13:00:27+00:00\" \/>\n<meta property=\"og:image\" content=\"https:\/\/alumniunige.ch\/wp-content\/uploads\/2026\/09\/events_1630.png\" \/>\n\t<meta property=\"og:image:width\" content=\"631\" \/>\n\t<meta property=\"og:image:height\" content=\"512\" \/>\n\t<meta property=\"og:image:type\" content=\"image\/png\" \/>\n<meta name=\"author\" content=\"website.integration\" \/>\n<meta name=\"twitter:card\" content=\"summary_large_image\" \/>\n<meta name=\"twitter:label1\" content=\"Written by\" \/>\n\t<meta name=\"twitter:data1\" content=\"website.integration\" \/>\n\t<meta name=\"twitter:label2\" content=\"Est. reading time\" \/>\n\t<meta name=\"twitter:data2\" content=\"1 minute\" \/>\n<script type=\"application\/ld+json\" class=\"yoast-schema-graph\">{\"@context\":\"https:\\\/\\\/schema.org\",\"@graph\":[{\"@type\":\"Article\",\"@id\":\"https:\\\/\\\/alumniunige.ch\\\/en\\\/de-lautre-cote-du-tableau-noir-les-mathematiques-a-visage-humain-lecon-douverture-du-semestre-dautomne-2026\\\/#article\",\"isPartOf\":{\"@id\":\"https:\\\/\\\/alumniunige.ch\\\/en\\\/de-lautre-cote-du-tableau-noir-les-mathematiques-a-visage-humain-lecon-douverture-du-semestre-dautomne-2026\\\/\"},\"author\":{\"name\":\"website.integration\",\"@id\":\"https:\\\/\\\/alumniunige.ch\\\/#\\\/schema\\\/person\\\/7b36591277922527cb7e723b9c3d4627\"},\"headline\":\"\u00ab De l\u2019autre c\u00f4t\u00e9 du tableau noir : les math\u00e9matiques \u00e0 visage humain \u00bb &#8211; Le\u00e7on d&#8217;ouverture du semestre d&#8217;automne 2026\",\"datePublished\":\"2026-09-01T11:00:30+00:00\",\"dateModified\":\"2026-09-01T13:00:27+00:00\",\"mainEntityOfPage\":{\"@id\":\"https:\\\/\\\/alumniunige.ch\\\/en\\\/de-lautre-cote-du-tableau-noir-les-mathematiques-a-visage-humain-lecon-douverture-du-semestre-dautomne-2026\\\/\"},\"wordCount\":312,\"image\":{\"@id\":\"https:\\\/\\\/alumniunige.ch\\\/en\\\/de-lautre-cote-du-tableau-noir-les-mathematiques-a-visage-humain-lecon-douverture-du-semestre-dautomne-2026\\\/#primaryimage\"},\"thumbnailUrl\":\"https:\\\/\\\/alumniunige.ch\\\/wp-content\\\/uploads\\\/2026\\\/09\\\/events_1630.png\",\"articleSection\":[\"EVENTS\"],\"inLanguage\":\"en-US\"},{\"@type\":\"WebPage\",\"@id\":\"https:\\\/\\\/alumniunige.ch\\\/en\\\/de-lautre-cote-du-tableau-noir-les-mathematiques-a-visage-humain-lecon-douverture-du-semestre-dautomne-2026\\\/\",\"url\":\"https:\\\/\\\/alumniunige.ch\\\/en\\\/de-lautre-cote-du-tableau-noir-les-mathematiques-a-visage-humain-lecon-douverture-du-semestre-dautomne-2026\\\/\",\"name\":\"\u00ab De l\u2019autre c\u00f4t\u00e9 du tableau noir : les math\u00e9matiques \u00e0 visage humain \u00bb - Le\u00e7on d'ouverture du semestre d'automne 2026 - ALUMNI - UNIGE\",\"isPartOf\":{\"@id\":\"https:\\\/\\\/alumniunige.ch\\\/#website\"},\"primaryImageOfPage\":{\"@id\":\"https:\\\/\\\/alumniunige.ch\\\/en\\\/de-lautre-cote-du-tableau-noir-les-mathematiques-a-visage-humain-lecon-douverture-du-semestre-dautomne-2026\\\/#primaryimage\"},\"image\":{\"@id\":\"https:\\\/\\\/alumniunige.ch\\\/en\\\/de-lautre-cote-du-tableau-noir-les-mathematiques-a-visage-humain-lecon-douverture-du-semestre-dautomne-2026\\\/#primaryimage\"},\"thumbnailUrl\":\"https:\\\/\\\/alumniunige.ch\\\/wp-content\\\/uploads\\\/2026\\\/09\\\/events_1630.png\",\"datePublished\":\"2026-09-01T11:00:30+00:00\",\"dateModified\":\"2026-09-01T13:00:27+00:00\",\"author\":{\"@id\":\"https:\\\/\\\/alumniunige.ch\\\/#\\\/schema\\\/person\\\/7b36591277922527cb7e723b9c3d4627\"},\"breadcrumb\":{\"@id\":\"https:\\\/\\\/alumniunige.ch\\\/en\\\/de-lautre-cote-du-tableau-noir-les-mathematiques-a-visage-humain-lecon-douverture-du-semestre-dautomne-2026\\\/#breadcrumb\"},\"inLanguage\":\"en-US\",\"potentialAction\":[{\"@type\":\"ReadAction\",\"target\":[\"https:\\\/\\\/alumniunige.ch\\\/en\\\/de-lautre-cote-du-tableau-noir-les-mathematiques-a-visage-humain-lecon-douverture-du-semestre-dautomne-2026\\\/\"]}]},{\"@type\":\"ImageObject\",\"inLanguage\":\"en-US\",\"@id\":\"https:\\\/\\\/alumniunige.ch\\\/en\\\/de-lautre-cote-du-tableau-noir-les-mathematiques-a-visage-humain-lecon-douverture-du-semestre-dautomne-2026\\\/#primaryimage\",\"url\":\"https:\\\/\\\/alumniunige.ch\\\/wp-content\\\/uploads\\\/2026\\\/09\\\/events_1630.png\",\"contentUrl\":\"https:\\\/\\\/alumniunige.ch\\\/wp-content\\\/uploads\\\/2026\\\/09\\\/events_1630.png\",\"width\":631,\"height\":512},{\"@type\":\"BreadcrumbList\",\"@id\":\"https:\\\/\\\/alumniunige.ch\\\/en\\\/de-lautre-cote-du-tableau-noir-les-mathematiques-a-visage-humain-lecon-douverture-du-semestre-dautomne-2026\\\/#breadcrumb\",\"itemListElement\":[{\"@type\":\"ListItem\",\"position\":1,\"name\":\"Startseite\",\"item\":\"https:\\\/\\\/alumniunige.ch\\\/en\\\/\"},{\"@type\":\"ListItem\",\"position\":2,\"name\":\"\u00ab De l\u2019autre c\u00f4t\u00e9 du tableau noir : les math\u00e9matiques \u00e0 visage humain \u00bb &#8211; Le\u00e7on d&#8217;ouverture du semestre d&#8217;automne 2026\"}]},{\"@type\":\"WebSite\",\"@id\":\"https:\\\/\\\/alumniunige.ch\\\/#website\",\"url\":\"https:\\\/\\\/alumniunige.ch\\\/\",\"name\":\"ALUMNI - UNIGE\",\"description\":\"Universit\u00e9 de Gen\u00e8ve\",\"potentialAction\":[{\"@type\":\"SearchAction\",\"target\":{\"@type\":\"EntryPoint\",\"urlTemplate\":\"https:\\\/\\\/alumniunige.ch\\\/?s={search_term_string}\"},\"query-input\":{\"@type\":\"PropertyValueSpecification\",\"valueRequired\":true,\"valueName\":\"search_term_string\"}}],\"inLanguage\":\"en-US\"},{\"@type\":\"Person\",\"@id\":\"https:\\\/\\\/alumniunige.ch\\\/#\\\/schema\\\/person\\\/7b36591277922527cb7e723b9c3d4627\",\"name\":\"website.integration\",\"image\":{\"@type\":\"ImageObject\",\"inLanguage\":\"en-US\",\"@id\":\"https:\\\/\\\/secure.gravatar.com\\\/avatar\\\/a41cf11cca3cc95e198870ccc5040570d1bf056b2402fe8f0a59c2a326845955?s=96&d=mm&r=g\",\"url\":\"https:\\\/\\\/secure.gravatar.com\\\/avatar\\\/a41cf11cca3cc95e198870ccc5040570d1bf056b2402fe8f0a59c2a326845955?s=96&d=mm&r=g\",\"contentUrl\":\"https:\\\/\\\/secure.gravatar.com\\\/avatar\\\/a41cf11cca3cc95e198870ccc5040570d1bf056b2402fe8f0a59c2a326845955?s=96&d=mm&r=g\",\"caption\":\"website.integration\"},\"url\":\"https:\\\/\\\/alumniunige.ch\\\/en\\\/author\\\/website-integration\\\/\"}]}<\/script>\n<!-- \/ Yoast SEO plugin. -->","yoast_head_json":{"title":"\u00ab De l\u2019autre c\u00f4t\u00e9 du tableau noir : les math\u00e9matiques \u00e0 visage humain \u00bb - Le\u00e7on d'ouverture du semestre d'automne 2026 - ALUMNI - UNIGE","robots":{"index":"index","follow":"follow","max-snippet":"max-snippet:-1","max-image-preview":"max-image-preview:large","max-video-preview":"max-video-preview:-1"},"canonical":"https:\/\/alumniunige.ch\/en\/de-lautre-cote-du-tableau-noir-les-mathematiques-a-visage-humain-lecon-douverture-du-semestre-dautomne-2026\/","og_locale":"en_US","og_type":"article","og_title":"\u00ab De l\u2019autre c\u00f4t\u00e9 du tableau noir : les math\u00e9matiques \u00e0 visage humain \u00bb - Le\u00e7on d'ouverture du semestre d'automne 2026 - ALUMNI - UNIGE","og_description":"De: mardi 15 septembre 2026 18:30 \u00e0 mardi 15 septembre 2026 20:00Les math\u00e9matiques sont-elles vraiment une affaire de calcul ? Comment un probl\u00e8me qui tient en une seule phrase peut-il occuper des chercheurs et des chercheuses pendant des ann\u00e9es ? D'o\u00f9 viennent les fameux moments \u00ab Eur\u00eaka \u00bb ?En croisant les regards du psychologue Emmanuel Sander et du math\u00e9maticien m\u00e9daill\u00e9 Fields Hugo Duminil-Copin, cette rencontre propose une immersion dans les coulisses de la cr\u00e9ation math\u00e9matique. \u00c0 travers le r\u00e9cit de grandes et petites d\u00e9couvertes, les intervenants explorent la mani\u00e8re dont \u00e9mergent les id\u00e9es, le r\u00f4le de l'intuition, des analogies et de la cr\u00e9ativit\u00e9, pour montrer que les math\u00e9matiques sont avant tout une aventure profond\u00e9ment humaine.Cette conf\u00e9rence est aussi une invitation \u00e0 r\u00e9fl\u00e9chir \u00e0 la place des math\u00e9matiques dans notre soci\u00e9t\u00e9. \u00c0 l'heure o\u00f9 nous sommes quotidiennement confront\u00e9s aux statistiques, aux probabilit\u00e9s, aux algorithmes, \u00e0 l'intelligence artificielle et \u00e0 l'incertitude, elles constituent bien davantage qu'un ensemble de techniques : elles offrent des outils pour raisonner, exercer notre esprit critique, distinguer l'essentiel de l'accessoire et mieux comprendre le monde qui nous entoure.Enfin, en mettant en dialogue les math\u00e9matiques et la psychologie, les conf\u00e9renciers proposent de repenser la mani\u00e8re dont on apprend et transmet les math\u00e9matiques, en explorant ce qui rend certaines explications f\u00e9condes et d'autres d\u00e9courageantes.Cette rencontre montre que les math\u00e9matiques sont avant tout une mani\u00e8re de penser, de chercher, de comprendre et de dialoguer avec le r\u00e9el.Plus d'infosLieu: \u00a0Uni Dufour, salle U600Lien GoogleMap: Voir","og_url":"https:\/\/alumniunige.ch\/en\/de-lautre-cote-du-tableau-noir-les-mathematiques-a-visage-humain-lecon-douverture-du-semestre-dautomne-2026\/","og_site_name":"ALUMNI - UNIGE","article_published_time":"2026-09-01T11:00:30+00:00","article_modified_time":"2026-09-01T13:00:27+00:00","og_image":[{"width":631,"height":512,"url":"https:\/\/alumniunige.ch\/wp-content\/uploads\/2026\/09\/events_1630.png","type":"image\/png"}],"author":"website.integration","twitter_card":"summary_large_image","twitter_misc":{"Written by":"website.integration","Est. reading time":"1 minute"},"schema":{"@context":"https:\/\/schema.org","@graph":[{"@type":"Article","@id":"https:\/\/alumniunige.ch\/en\/de-lautre-cote-du-tableau-noir-les-mathematiques-a-visage-humain-lecon-douverture-du-semestre-dautomne-2026\/#article","isPartOf":{"@id":"https:\/\/alumniunige.ch\/en\/de-lautre-cote-du-tableau-noir-les-mathematiques-a-visage-humain-lecon-douverture-du-semestre-dautomne-2026\/"},"author":{"name":"website.integration","@id":"https:\/\/alumniunige.ch\/#\/schema\/person\/7b36591277922527cb7e723b9c3d4627"},"headline":"\u00ab De l\u2019autre c\u00f4t\u00e9 du tableau noir : les math\u00e9matiques \u00e0 visage humain \u00bb &#8211; Le\u00e7on d&#8217;ouverture du semestre d&#8217;automne 2026","datePublished":"2026-09-01T11:00:30+00:00","dateModified":"2026-09-01T13:00:27+00:00","mainEntityOfPage":{"@id":"https:\/\/alumniunige.ch\/en\/de-lautre-cote-du-tableau-noir-les-mathematiques-a-visage-humain-lecon-douverture-du-semestre-dautomne-2026\/"},"wordCount":312,"image":{"@id":"https:\/\/alumniunige.ch\/en\/de-lautre-cote-du-tableau-noir-les-mathematiques-a-visage-humain-lecon-douverture-du-semestre-dautomne-2026\/#primaryimage"},"thumbnailUrl":"https:\/\/alumniunige.ch\/wp-content\/uploads\/2026\/09\/events_1630.png","articleSection":["EVENTS"],"inLanguage":"en-US"},{"@type":"WebPage","@id":"https:\/\/alumniunige.ch\/en\/de-lautre-cote-du-tableau-noir-les-mathematiques-a-visage-humain-lecon-douverture-du-semestre-dautomne-2026\/","url":"https:\/\/alumniunige.ch\/en\/de-lautre-cote-du-tableau-noir-les-mathematiques-a-visage-humain-lecon-douverture-du-semestre-dautomne-2026\/","name":"\u00ab De l\u2019autre c\u00f4t\u00e9 du tableau noir : les math\u00e9matiques \u00e0 visage humain \u00bb - Le\u00e7on d'ouverture du semestre d'automne 2026 - ALUMNI - UNIGE","isPartOf":{"@id":"https:\/\/alumniunige.ch\/#website"},"primaryImageOfPage":{"@id":"https:\/\/alumniunige.ch\/en\/de-lautre-cote-du-tableau-noir-les-mathematiques-a-visage-humain-lecon-douverture-du-semestre-dautomne-2026\/#primaryimage"},"image":{"@id":"https:\/\/alumniunige.ch\/en\/de-lautre-cote-du-tableau-noir-les-mathematiques-a-visage-humain-lecon-douverture-du-semestre-dautomne-2026\/#primaryimage"},"thumbnailUrl":"https:\/\/alumniunige.ch\/wp-content\/uploads\/2026\/09\/events_1630.png","datePublished":"2026-09-01T11:00:30+00:00","dateModified":"2026-09-01T13:00:27+00:00","author":{"@id":"https:\/\/alumniunige.ch\/#\/schema\/person\/7b36591277922527cb7e723b9c3d4627"},"breadcrumb":{"@id":"https:\/\/alumniunige.ch\/en\/de-lautre-cote-du-tableau-noir-les-mathematiques-a-visage-humain-lecon-douverture-du-semestre-dautomne-2026\/#breadcrumb"},"inLanguage":"en-US","potentialAction":[{"@type":"ReadAction","target":["https:\/\/alumniunige.ch\/en\/de-lautre-cote-du-tableau-noir-les-mathematiques-a-visage-humain-lecon-douverture-du-semestre-dautomne-2026\/"]}]},{"@type":"ImageObject","inLanguage":"en-US","@id":"https:\/\/alumniunige.ch\/en\/de-lautre-cote-du-tableau-noir-les-mathematiques-a-visage-humain-lecon-douverture-du-semestre-dautomne-2026\/#primaryimage","url":"https:\/\/alumniunige.ch\/wp-content\/uploads\/2026\/09\/events_1630.png","contentUrl":"https:\/\/alumniunige.ch\/wp-content\/uploads\/2026\/09\/events_1630.png","width":631,"height":512},{"@type":"BreadcrumbList","@id":"https:\/\/alumniunige.ch\/en\/de-lautre-cote-du-tableau-noir-les-mathematiques-a-visage-humain-lecon-douverture-du-semestre-dautomne-2026\/#breadcrumb","itemListElement":[{"@type":"ListItem","position":1,"name":"Startseite","item":"https:\/\/alumniunige.ch\/en\/"},{"@type":"ListItem","position":2,"name":"\u00ab De l\u2019autre c\u00f4t\u00e9 du tableau noir : les math\u00e9matiques \u00e0 visage humain \u00bb &#8211; Le\u00e7on d&#8217;ouverture du semestre d&#8217;automne 2026"}]},{"@type":"WebSite","@id":"https:\/\/alumniunige.ch\/#website","url":"https:\/\/alumniunige.ch\/","name":"ALUMNI - UNIGE","description":"Universit\u00e9 de Gen\u00e8ve","potentialAction":[{"@type":"SearchAction","target":{"@type":"EntryPoint","urlTemplate":"https:\/\/alumniunige.ch\/?s={search_term_string}"},"query-input":{"@type":"PropertyValueSpecification","valueRequired":true,"valueName":"search_term_string"}}],"inLanguage":"en-US"},{"@type":"Person","@id":"https:\/\/alumniunige.ch\/#\/schema\/person\/7b36591277922527cb7e723b9c3d4627","name":"website.integration","image":{"@type":"ImageObject","inLanguage":"en-US","@id":"https:\/\/secure.gravatar.com\/avatar\/a41cf11cca3cc95e198870ccc5040570d1bf056b2402fe8f0a59c2a326845955?s=96&d=mm&r=g","url":"https:\/\/secure.gravatar.com\/avatar\/a41cf11cca3cc95e198870ccc5040570d1bf056b2402fe8f0a59c2a326845955?s=96&d=mm&r=g","contentUrl":"https:\/\/secure.gravatar.com\/avatar\/a41cf11cca3cc95e198870ccc5040570d1bf056b2402fe8f0a59c2a326845955?s=96&d=mm&r=g","caption":"website.integration"},"url":"https:\/\/alumniunige.ch\/en\/author\/website-integration\/"}]}},"_links":{"self":[{"href":"https:\/\/alumniunige.ch\/en\/wp-json\/wp\/v2\/posts\/164031","targetHints":{"allow":["GET"]}}],"collection":[{"href":"https:\/\/alumniunige.ch\/en\/wp-json\/wp\/v2\/posts"}],"about":[{"href":"https:\/\/alumniunige.ch\/en\/wp-json\/wp\/v2\/types\/post"}],"author":[{"embeddable":true,"href":"https:\/\/alumniunige.ch\/en\/wp-json\/wp\/v2\/users\/8"}],"replies":[{"embeddable":true,"href":"https:\/\/alumniunige.ch\/en\/wp-json\/wp\/v2\/comments?post=164031"}],"version-history":[{"count":1,"href":"https:\/\/alumniunige.ch\/en\/wp-json\/wp\/v2\/posts\/164031\/revisions"}],"predecessor-version":[{"id":164033,"href":"https:\/\/alumniunige.ch\/en\/wp-json\/wp\/v2\/posts\/164031\/revisions\/164033"}],"wp:featuredmedia":[{"embeddable":true,"href":"https:\/\/alumniunige.ch\/en\/wp-json\/wp\/v2\/media\/164029"}],"wp:attachment":[{"href":"https:\/\/alumniunige.ch\/en\/wp-json\/wp\/v2\/media?parent=164031"}],"wp:term":[{"taxonomy":"category","embeddable":true,"href":"https:\/\/alumniunige.ch\/en\/wp-json\/wp\/v2\/categories?post=164031"},{"taxonomy":"post_tag","embeddable":true,"href":"https:\/\/alumniunige.ch\/en\/wp-json\/wp\/v2\/tags?post=164031"}],"curies":[{"name":"wp","href":"https:\/\/api.w.org\/{rel}","templated":true}]}}