{"id":163732,"date":"2026-04-28T17:00:52","date_gmt":"2026-04-28T15:00:52","guid":{"rendered":"https:\/\/alumniunige.ch\/concert-du-choeur-de-luniversite-au-victoria-hall-deux-billets-pour-le-prix-dun\/"},"modified":"2026-04-28T20:00:32","modified_gmt":"2026-04-28T18:00:32","slug":"concert-du-choeur-de-luniversite-au-victoria-hall-deux-billets-pour-le-prix-dun","status":"publish","type":"post","link":"https:\/\/alumniunige.ch\/en\/concert-du-choeur-de-luniversite-au-victoria-hall-deux-billets-pour-le-prix-dun\/","title":{"rendered":"Concert du Ch\u0153ur de l\u2019Universit\u00e9 au Victoria Hall: deux billets pour le prix d\u2019un"},"content":{"rendered":"<p style=\"text-align:justify;\">Le <strong>concert du Ch\u0153ur de l\u2019Universit\u00e9<\/strong> r\u00e9sonne au <strong>Victoria Hall<\/strong> depuis 1967. Cette ann\u00e9e, sous la direction de L\u00e9onie Cachelin et en <strong>collaboration avec l\u2019Orchestre de la HEM<\/strong>, il interpr\u00e9tera <em>Dixit Dominus<\/em> de Marianna Martines, le <em>Te Deum<\/em> de Joseph Haydn et la <em>Messe du Couronnement<\/em> de Mozart.<\/p>\n<p style=\"text-align:justify;\">Rendez-vous le <strong>dimanche 3 mai \u00e0 17h<\/strong> (ouverture des portes \u00e0 16h).&nbsp;<\/p>\n<p style=\"text-align:justify;\">Les membres d\u2019Alumni UNIGE b\u00e9n\u00e9ficient d\u2019un tarif pr\u00e9f\u00e9rentiel : <strong>deux billets pour le prix d\u2019un<\/strong>&nbsp;(deux places dans la m\u00eame cat\u00e9gorie).<\/p>\n<p>\n<!--more--><br \/>\n<br \/>\nLire la suite <a href=\"https:\/\/alumniunige.ch\/portal\/group\/feed?contentId=69f0b7a9165864b6d7017964&amp;contentType=dynamic.article_content\">sur notre plate-forme<\/a>.<\/p>\n<p>Pas encore inscrit ? <a href=\"https:\/\/alumniunige.ch\/association\/#devenir-membre\">Devenez membre d\u2019Alumni UNIGE<\/a>.<\/p>\n","protected":false},"excerpt":{"rendered":"<p style=\"text-align:justify;\"><img decoding=\"async\" align=\"left\" alt=\"\" class=\"iw-rte-image-inline\" hspace=\"5\" src=\"https:\/\/alumniunige.ch\/custom\/ugva\/imgcache\/c0050fdc857bf6dd5f959cd759384d0f.jpg\" style=\"width:33%;float:left;margin-right:12px;max-width:100%;\" title=\"\" vspace=\"3\" width=\"171\">Le <strong>concert du Ch\u0153ur de l\u2019Universit\u00e9<\/strong> r\u00e9sonne au <strong>Victoria Hall<\/strong> depuis 1967. Cette ann\u00e9e, sous la direction de L\u00e9onie Cachelin et en <strong>collaboration avec l\u2019Orchestre de la HEM<\/strong>, il interpr\u00e9tera <em>Dixit Dominus<\/em> de Marianna Martines, le <em>Te Deum<\/em> de Joseph Haydn et la <em>Messe du Couronnement<\/em> de Mozart.<\/p>\n<p style=\"text-align:justify;\">Rendez-vous le <strong>dimanche 3 mai \u00e0 17h<\/strong> (ouverture des portes \u00e0 16h).\u00a0<\/p>\n<p style=\"text-align:justify;\">Les membres d\u2019Alumni UNIGE b\u00e9n\u00e9ficient d\u2019un tarif pr\u00e9f\u00e9rentiel : <strong>deux billets pour le prix d\u2019un<\/strong>\u00a0(deux places dans la m\u00eame cat\u00e9gorie).<\/p>\n","protected":false},"author":8,"featured_media":163730,"comment_status":"closed","ping_status":"closed","sticky":false,"template":"","format":"standard","meta":{"_acf_changed":false,"footnotes":""},"categories":[62],"tags":[],"class_list":["post-163732","post","type-post","status-publish","format-standard","has-post-thumbnail","hentry","category-unige-news-en"],"acf":{"peoplepath_id":"69f0b7a9165864b6d7017964"},"yoast_head":"<!-- This site is optimized with the Yoast SEO plugin v27.5 - https:\/\/yoast.com\/product\/yoast-seo-wordpress\/ -->\n<title>Concert du Ch\u0153ur de l\u2019Universit\u00e9 au Victoria Hall: deux billets pour le prix d\u2019un - ALUMNI - UNIGE<\/title>\n<meta name=\"robots\" content=\"index, follow, max-snippet:-1, max-image-preview:large, max-video-preview:-1\" \/>\n<link rel=\"canonical\" href=\"https:\/\/alumniunige.ch\/en\/concert-du-choeur-de-luniversite-au-victoria-hall-deux-billets-pour-le-prix-dun\/\" \/>\n<meta property=\"og:locale\" content=\"en_US\" \/>\n<meta property=\"og:type\" content=\"article\" \/>\n<meta property=\"og:title\" content=\"Concert du Ch\u0153ur de l\u2019Universit\u00e9 au Victoria Hall: deux billets pour le prix d\u2019un - ALUMNI - UNIGE\" \/>\n<meta property=\"og:description\" content=\"Le concert du Ch\u0153ur de l\u2019Universit\u00e9 r\u00e9sonne au Victoria Hall depuis 1967. Cette ann\u00e9e, sous la direction de L\u00e9onie Cachelin et en collaboration avec l\u2019Orchestre de la HEM, il interpr\u00e9tera Dixit Dominus de Marianna Martines, le Te Deum de Joseph Haydn et la Messe du Couronnement de Mozart.Rendez-vous le dimanche 3 mai \u00e0 17h (ouverture des portes \u00e0 16h).\u00a0Les membres d\u2019Alumni UNIGE b\u00e9n\u00e9ficient d\u2019un tarif pr\u00e9f\u00e9rentiel : deux billets pour le prix d\u2019un\u00a0(deux places dans la m\u00eame cat\u00e9gorie).\" \/>\n<meta property=\"og:url\" content=\"https:\/\/alumniunige.ch\/en\/concert-du-choeur-de-luniversite-au-victoria-hall-deux-billets-pour-le-prix-dun\/\" \/>\n<meta property=\"og:site_name\" content=\"ALUMNI - UNIGE\" \/>\n<meta property=\"article:published_time\" content=\"2026-04-28T15:00:52+00:00\" \/>\n<meta property=\"article:modified_time\" content=\"2026-04-28T18:00:32+00:00\" \/>\n<meta property=\"og:image\" content=\"https:\/\/alumniunige.ch\/wp-content\/uploads\/2026\/04\/articles_69f0b7a9165864b6d7017964.jpg\" \/>\n\t<meta property=\"og:image:width\" content=\"1080\" \/>\n\t<meta property=\"og:image:height\" content=\"1440\" \/>\n\t<meta property=\"og:image:type\" content=\"image\/jpeg\" \/>\n<meta name=\"author\" content=\"website.integration\" \/>\n<meta name=\"twitter:card\" content=\"summary_large_image\" \/>\n<meta name=\"twitter:label1\" content=\"Written by\" \/>\n\t<meta name=\"twitter:data1\" content=\"website.integration\" \/>\n\t<meta name=\"twitter:label2\" content=\"Est. reading time\" \/>\n\t<meta name=\"twitter:data2\" content=\"1 minute\" \/>\n<script type=\"application\/ld+json\" class=\"yoast-schema-graph\">{\"@context\":\"https:\\\/\\\/schema.org\",\"@graph\":[{\"@type\":\"Article\",\"@id\":\"https:\\\/\\\/alumniunige.ch\\\/en\\\/concert-du-choeur-de-luniversite-au-victoria-hall-deux-billets-pour-le-prix-dun\\\/#article\",\"isPartOf\":{\"@id\":\"https:\\\/\\\/alumniunige.ch\\\/en\\\/concert-du-choeur-de-luniversite-au-victoria-hall-deux-billets-pour-le-prix-dun\\\/\"},\"author\":{\"name\":\"website.integration\",\"@id\":\"https:\\\/\\\/alumniunige.ch\\\/#\\\/schema\\\/person\\\/7b36591277922527cb7e723b9c3d4627\"},\"headline\":\"Concert du Ch\u0153ur de l\u2019Universit\u00e9 au Victoria Hall: deux billets pour le prix d\u2019un\",\"datePublished\":\"2026-04-28T15:00:52+00:00\",\"dateModified\":\"2026-04-28T18:00:32+00:00\",\"mainEntityOfPage\":{\"@id\":\"https:\\\/\\\/alumniunige.ch\\\/en\\\/concert-du-choeur-de-luniversite-au-victoria-hall-deux-billets-pour-le-prix-dun\\\/\"},\"wordCount\":125,\"image\":{\"@id\":\"https:\\\/\\\/alumniunige.ch\\\/en\\\/concert-du-choeur-de-luniversite-au-victoria-hall-deux-billets-pour-le-prix-dun\\\/#primaryimage\"},\"thumbnailUrl\":\"https:\\\/\\\/alumniunige.ch\\\/wp-content\\\/uploads\\\/2026\\\/04\\\/articles_69f0b7a9165864b6d7017964.jpg\",\"articleSection\":[\"NEWS\"],\"inLanguage\":\"en-US\"},{\"@type\":\"WebPage\",\"@id\":\"https:\\\/\\\/alumniunige.ch\\\/en\\\/concert-du-choeur-de-luniversite-au-victoria-hall-deux-billets-pour-le-prix-dun\\\/\",\"url\":\"https:\\\/\\\/alumniunige.ch\\\/en\\\/concert-du-choeur-de-luniversite-au-victoria-hall-deux-billets-pour-le-prix-dun\\\/\",\"name\":\"Concert du Ch\u0153ur de l\u2019Universit\u00e9 au Victoria Hall: deux billets pour le prix d\u2019un - ALUMNI - UNIGE\",\"isPartOf\":{\"@id\":\"https:\\\/\\\/alumniunige.ch\\\/#website\"},\"primaryImageOfPage\":{\"@id\":\"https:\\\/\\\/alumniunige.ch\\\/en\\\/concert-du-choeur-de-luniversite-au-victoria-hall-deux-billets-pour-le-prix-dun\\\/#primaryimage\"},\"image\":{\"@id\":\"https:\\\/\\\/alumniunige.ch\\\/en\\\/concert-du-choeur-de-luniversite-au-victoria-hall-deux-billets-pour-le-prix-dun\\\/#primaryimage\"},\"thumbnailUrl\":\"https:\\\/\\\/alumniunige.ch\\\/wp-content\\\/uploads\\\/2026\\\/04\\\/articles_69f0b7a9165864b6d7017964.jpg\",\"datePublished\":\"2026-04-28T15:00:52+00:00\",\"dateModified\":\"2026-04-28T18:00:32+00:00\",\"author\":{\"@id\":\"https:\\\/\\\/alumniunige.ch\\\/#\\\/schema\\\/person\\\/7b36591277922527cb7e723b9c3d4627\"},\"breadcrumb\":{\"@id\":\"https:\\\/\\\/alumniunige.ch\\\/en\\\/concert-du-choeur-de-luniversite-au-victoria-hall-deux-billets-pour-le-prix-dun\\\/#breadcrumb\"},\"inLanguage\":\"en-US\",\"potentialAction\":[{\"@type\":\"ReadAction\",\"target\":[\"https:\\\/\\\/alumniunige.ch\\\/en\\\/concert-du-choeur-de-luniversite-au-victoria-hall-deux-billets-pour-le-prix-dun\\\/\"]}]},{\"@type\":\"ImageObject\",\"inLanguage\":\"en-US\",\"@id\":\"https:\\\/\\\/alumniunige.ch\\\/en\\\/concert-du-choeur-de-luniversite-au-victoria-hall-deux-billets-pour-le-prix-dun\\\/#primaryimage\",\"url\":\"https:\\\/\\\/alumniunige.ch\\\/wp-content\\\/uploads\\\/2026\\\/04\\\/articles_69f0b7a9165864b6d7017964.jpg\",\"contentUrl\":\"https:\\\/\\\/alumniunige.ch\\\/wp-content\\\/uploads\\\/2026\\\/04\\\/articles_69f0b7a9165864b6d7017964.jpg\",\"width\":1080,\"height\":1440},{\"@type\":\"BreadcrumbList\",\"@id\":\"https:\\\/\\\/alumniunige.ch\\\/en\\\/concert-du-choeur-de-luniversite-au-victoria-hall-deux-billets-pour-le-prix-dun\\\/#breadcrumb\",\"itemListElement\":[{\"@type\":\"ListItem\",\"position\":1,\"name\":\"Startseite\",\"item\":\"https:\\\/\\\/alumniunige.ch\\\/en\\\/\"},{\"@type\":\"ListItem\",\"position\":2,\"name\":\"Concert du Ch\u0153ur de l\u2019Universit\u00e9 au Victoria Hall: deux billets pour le prix d\u2019un\"}]},{\"@type\":\"WebSite\",\"@id\":\"https:\\\/\\\/alumniunige.ch\\\/#website\",\"url\":\"https:\\\/\\\/alumniunige.ch\\\/\",\"name\":\"ALUMNI - UNIGE\",\"description\":\"Universit\u00e9 de Gen\u00e8ve\",\"potentialAction\":[{\"@type\":\"SearchAction\",\"target\":{\"@type\":\"EntryPoint\",\"urlTemplate\":\"https:\\\/\\\/alumniunige.ch\\\/?s={search_term_string}\"},\"query-input\":{\"@type\":\"PropertyValueSpecification\",\"valueRequired\":true,\"valueName\":\"search_term_string\"}}],\"inLanguage\":\"en-US\"},{\"@type\":\"Person\",\"@id\":\"https:\\\/\\\/alumniunige.ch\\\/#\\\/schema\\\/person\\\/7b36591277922527cb7e723b9c3d4627\",\"name\":\"website.integration\",\"image\":{\"@type\":\"ImageObject\",\"inLanguage\":\"en-US\",\"@id\":\"https:\\\/\\\/secure.gravatar.com\\\/avatar\\\/a41cf11cca3cc95e198870ccc5040570d1bf056b2402fe8f0a59c2a326845955?s=96&d=mm&r=g\",\"url\":\"https:\\\/\\\/secure.gravatar.com\\\/avatar\\\/a41cf11cca3cc95e198870ccc5040570d1bf056b2402fe8f0a59c2a326845955?s=96&d=mm&r=g\",\"contentUrl\":\"https:\\\/\\\/secure.gravatar.com\\\/avatar\\\/a41cf11cca3cc95e198870ccc5040570d1bf056b2402fe8f0a59c2a326845955?s=96&d=mm&r=g\",\"caption\":\"website.integration\"},\"url\":\"https:\\\/\\\/alumniunige.ch\\\/en\\\/author\\\/website-integration\\\/\"}]}<\/script>\n<!-- \/ Yoast SEO plugin. -->","yoast_head_json":{"title":"Concert du Ch\u0153ur de l\u2019Universit\u00e9 au Victoria Hall: deux billets pour le prix d\u2019un - ALUMNI - UNIGE","robots":{"index":"index","follow":"follow","max-snippet":"max-snippet:-1","max-image-preview":"max-image-preview:large","max-video-preview":"max-video-preview:-1"},"canonical":"https:\/\/alumniunige.ch\/en\/concert-du-choeur-de-luniversite-au-victoria-hall-deux-billets-pour-le-prix-dun\/","og_locale":"en_US","og_type":"article","og_title":"Concert du Ch\u0153ur de l\u2019Universit\u00e9 au Victoria Hall: deux billets pour le prix d\u2019un - ALUMNI - UNIGE","og_description":"Le concert du Ch\u0153ur de l\u2019Universit\u00e9 r\u00e9sonne au Victoria Hall depuis 1967. Cette ann\u00e9e, sous la direction de L\u00e9onie Cachelin et en collaboration avec l\u2019Orchestre de la HEM, il interpr\u00e9tera Dixit Dominus de Marianna Martines, le Te Deum de Joseph Haydn et la Messe du Couronnement de Mozart.Rendez-vous le dimanche 3 mai \u00e0 17h (ouverture des portes \u00e0 16h).\u00a0Les membres d\u2019Alumni UNIGE b\u00e9n\u00e9ficient d\u2019un tarif pr\u00e9f\u00e9rentiel : deux billets pour le prix d\u2019un\u00a0(deux places dans la m\u00eame cat\u00e9gorie).","og_url":"https:\/\/alumniunige.ch\/en\/concert-du-choeur-de-luniversite-au-victoria-hall-deux-billets-pour-le-prix-dun\/","og_site_name":"ALUMNI - UNIGE","article_published_time":"2026-04-28T15:00:52+00:00","article_modified_time":"2026-04-28T18:00:32+00:00","og_image":[{"width":1080,"height":1440,"url":"https:\/\/alumniunige.ch\/wp-content\/uploads\/2026\/04\/articles_69f0b7a9165864b6d7017964.jpg","type":"image\/jpeg"}],"author":"website.integration","twitter_card":"summary_large_image","twitter_misc":{"Written by":"website.integration","Est. reading time":"1 minute"},"schema":{"@context":"https:\/\/schema.org","@graph":[{"@type":"Article","@id":"https:\/\/alumniunige.ch\/en\/concert-du-choeur-de-luniversite-au-victoria-hall-deux-billets-pour-le-prix-dun\/#article","isPartOf":{"@id":"https:\/\/alumniunige.ch\/en\/concert-du-choeur-de-luniversite-au-victoria-hall-deux-billets-pour-le-prix-dun\/"},"author":{"name":"website.integration","@id":"https:\/\/alumniunige.ch\/#\/schema\/person\/7b36591277922527cb7e723b9c3d4627"},"headline":"Concert du Ch\u0153ur de l\u2019Universit\u00e9 au Victoria Hall: deux billets pour le prix d\u2019un","datePublished":"2026-04-28T15:00:52+00:00","dateModified":"2026-04-28T18:00:32+00:00","mainEntityOfPage":{"@id":"https:\/\/alumniunige.ch\/en\/concert-du-choeur-de-luniversite-au-victoria-hall-deux-billets-pour-le-prix-dun\/"},"wordCount":125,"image":{"@id":"https:\/\/alumniunige.ch\/en\/concert-du-choeur-de-luniversite-au-victoria-hall-deux-billets-pour-le-prix-dun\/#primaryimage"},"thumbnailUrl":"https:\/\/alumniunige.ch\/wp-content\/uploads\/2026\/04\/articles_69f0b7a9165864b6d7017964.jpg","articleSection":["NEWS"],"inLanguage":"en-US"},{"@type":"WebPage","@id":"https:\/\/alumniunige.ch\/en\/concert-du-choeur-de-luniversite-au-victoria-hall-deux-billets-pour-le-prix-dun\/","url":"https:\/\/alumniunige.ch\/en\/concert-du-choeur-de-luniversite-au-victoria-hall-deux-billets-pour-le-prix-dun\/","name":"Concert du Ch\u0153ur de l\u2019Universit\u00e9 au Victoria Hall: deux billets pour le prix d\u2019un - ALUMNI - UNIGE","isPartOf":{"@id":"https:\/\/alumniunige.ch\/#website"},"primaryImageOfPage":{"@id":"https:\/\/alumniunige.ch\/en\/concert-du-choeur-de-luniversite-au-victoria-hall-deux-billets-pour-le-prix-dun\/#primaryimage"},"image":{"@id":"https:\/\/alumniunige.ch\/en\/concert-du-choeur-de-luniversite-au-victoria-hall-deux-billets-pour-le-prix-dun\/#primaryimage"},"thumbnailUrl":"https:\/\/alumniunige.ch\/wp-content\/uploads\/2026\/04\/articles_69f0b7a9165864b6d7017964.jpg","datePublished":"2026-04-28T15:00:52+00:00","dateModified":"2026-04-28T18:00:32+00:00","author":{"@id":"https:\/\/alumniunige.ch\/#\/schema\/person\/7b36591277922527cb7e723b9c3d4627"},"breadcrumb":{"@id":"https:\/\/alumniunige.ch\/en\/concert-du-choeur-de-luniversite-au-victoria-hall-deux-billets-pour-le-prix-dun\/#breadcrumb"},"inLanguage":"en-US","potentialAction":[{"@type":"ReadAction","target":["https:\/\/alumniunige.ch\/en\/concert-du-choeur-de-luniversite-au-victoria-hall-deux-billets-pour-le-prix-dun\/"]}]},{"@type":"ImageObject","inLanguage":"en-US","@id":"https:\/\/alumniunige.ch\/en\/concert-du-choeur-de-luniversite-au-victoria-hall-deux-billets-pour-le-prix-dun\/#primaryimage","url":"https:\/\/alumniunige.ch\/wp-content\/uploads\/2026\/04\/articles_69f0b7a9165864b6d7017964.jpg","contentUrl":"https:\/\/alumniunige.ch\/wp-content\/uploads\/2026\/04\/articles_69f0b7a9165864b6d7017964.jpg","width":1080,"height":1440},{"@type":"BreadcrumbList","@id":"https:\/\/alumniunige.ch\/en\/concert-du-choeur-de-luniversite-au-victoria-hall-deux-billets-pour-le-prix-dun\/#breadcrumb","itemListElement":[{"@type":"ListItem","position":1,"name":"Startseite","item":"https:\/\/alumniunige.ch\/en\/"},{"@type":"ListItem","position":2,"name":"Concert du Ch\u0153ur de l\u2019Universit\u00e9 au Victoria Hall: deux billets pour le prix d\u2019un"}]},{"@type":"WebSite","@id":"https:\/\/alumniunige.ch\/#website","url":"https:\/\/alumniunige.ch\/","name":"ALUMNI - UNIGE","description":"Universit\u00e9 de Gen\u00e8ve","potentialAction":[{"@type":"SearchAction","target":{"@type":"EntryPoint","urlTemplate":"https:\/\/alumniunige.ch\/?s={search_term_string}"},"query-input":{"@type":"PropertyValueSpecification","valueRequired":true,"valueName":"search_term_string"}}],"inLanguage":"en-US"},{"@type":"Person","@id":"https:\/\/alumniunige.ch\/#\/schema\/person\/7b36591277922527cb7e723b9c3d4627","name":"website.integration","image":{"@type":"ImageObject","inLanguage":"en-US","@id":"https:\/\/secure.gravatar.com\/avatar\/a41cf11cca3cc95e198870ccc5040570d1bf056b2402fe8f0a59c2a326845955?s=96&d=mm&r=g","url":"https:\/\/secure.gravatar.com\/avatar\/a41cf11cca3cc95e198870ccc5040570d1bf056b2402fe8f0a59c2a326845955?s=96&d=mm&r=g","contentUrl":"https:\/\/secure.gravatar.com\/avatar\/a41cf11cca3cc95e198870ccc5040570d1bf056b2402fe8f0a59c2a326845955?s=96&d=mm&r=g","caption":"website.integration"},"url":"https:\/\/alumniunige.ch\/en\/author\/website-integration\/"}]}},"_links":{"self":[{"href":"https:\/\/alumniunige.ch\/en\/wp-json\/wp\/v2\/posts\/163732","targetHints":{"allow":["GET"]}}],"collection":[{"href":"https:\/\/alumniunige.ch\/en\/wp-json\/wp\/v2\/posts"}],"about":[{"href":"https:\/\/alumniunige.ch\/en\/wp-json\/wp\/v2\/types\/post"}],"author":[{"embeddable":true,"href":"https:\/\/alumniunige.ch\/en\/wp-json\/wp\/v2\/users\/8"}],"replies":[{"embeddable":true,"href":"https:\/\/alumniunige.ch\/en\/wp-json\/wp\/v2\/comments?post=163732"}],"version-history":[{"count":1,"href":"https:\/\/alumniunige.ch\/en\/wp-json\/wp\/v2\/posts\/163732\/revisions"}],"predecessor-version":[{"id":163738,"href":"https:\/\/alumniunige.ch\/en\/wp-json\/wp\/v2\/posts\/163732\/revisions\/163738"}],"wp:featuredmedia":[{"embeddable":true,"href":"https:\/\/alumniunige.ch\/en\/wp-json\/wp\/v2\/media\/163730"}],"wp:attachment":[{"href":"https:\/\/alumniunige.ch\/en\/wp-json\/wp\/v2\/media?parent=163732"}],"wp:term":[{"taxonomy":"category","embeddable":true,"href":"https:\/\/alumniunige.ch\/en\/wp-json\/wp\/v2\/categories?post=163732"},{"taxonomy":"post_tag","embeddable":true,"href":"https:\/\/alumniunige.ch\/en\/wp-json\/wp\/v2\/tags?post=163732"}],"curies":[{"name":"wp","href":"https:\/\/api.w.org\/{rel}","templated":true}]}}