{"id":163712,"date":"2026-04-27T17:00:50","date_gmt":"2026-04-27T15:00:50","guid":{"rendered":"https:\/\/alumniunige.ch\/comment-developper-son-reseau-entre-le-canada-et-la-suisse-conference-du-19-mai-2026-a-montreal\/"},"modified":"2026-04-27T21:00:24","modified_gmt":"2026-04-27T19:00:24","slug":"comment-developper-son-reseau-entre-le-canada-et-la-suisse-conference-du-19-mai-2026-a-montreal","status":"publish","type":"post","link":"https:\/\/alumniunige.ch\/en\/comment-developper-son-reseau-entre-le-canada-et-la-suisse-conference-du-19-mai-2026-a-montreal\/","title":{"rendered":"Comment d\u00e9velopper son r\u00e9seau entre le Canada et la Suisse ? \u2013 Conf\u00e9rence du 19 mai 2026 \u00e0 Montr\u00e9al"},"content":{"rendered":"<p>Le <strong>mardi 19 mai 2026<\/strong>, le comit\u00e9 des Alumni suisses (Alumni UNIGE, UNIL et EPFL) organise une conf\u00e9rence intitul\u00e9e <strong>\u00ab&nbsp;Suisse &#8211; Canada&nbsp;: comment d\u00e9velopper son r\u00e9seau sur deux territoires \u00e9loign\u00e9s ? \u00bb<\/strong>, qui se tiendra au Consulat g\u00e9n\u00e9ral de Suisse \u00e0 <strong>Montr\u00e9al<\/strong>.<\/p>\n<p>Lors de cette soir\u00e9e exclusive, suivie d\u2019un cocktail, les alumni d\u00e9couvriront comment b\u00e2tir un r\u00e9seau international efficace et pourront \u00e9changer avec des expert-es.<\/p>\n<p>&nbsp;<\/p>\n<p>&nbsp;<\/p>\n<p>Intervenants :<\/p>\n<ul>\n<li><strong><strong>Andr\u00e9anne Quintal<\/strong><\/strong>, Pr\u00e9sidente du conseil d\u2019administration de la Chambre de commerce Canado-Suisse (Qu\u00e9bec)<\/li>\n<li><strong><strong>Johann Marty<\/strong><\/strong>, CEO de TeamWork Canada<\/li>\n<li><strong><strong>Nathan Hostettler<\/strong><\/strong>, Head of R&amp;D and Sourcing chez Eleqtrion<\/li>\n<\/ul>\n<p><strong><strong>Madame Anne-B\u00e9atrice Bullinger<\/strong><\/strong>, Consule g\u00e9n\u00e9rale de Suisse, ouvrira l\u2019\u00e9v\u00e9nement.<\/p>\n<p>\n<!--more--><br \/>\n<br \/>\nLire la suite <a href=\"https:\/\/alumniunige.ch\/portal\/group\/feed?contentId=69ef64318032c0ffe00ed98c&amp;contentType=dynamic.article_content\">sur notre plate-forme<\/a>.<\/p>\n<p>Pas encore inscrit ? <a href=\"https:\/\/alumniunige.ch\/association\/#devenir-membre\">Devenez membre d\u2019Alumni UNIGE<\/a>.<\/p>\n","protected":false},"excerpt":{"rendered":"<p><img decoding=\"async\" align=\"left\" alt=\"\" class=\"iw-rte-image-inline\" hspace=\"5\" src=\"https:\/\/alumniunige.ch\/custom\/ugva\/imgcache\/424048e81604c153b256c0dbe5656c75.png\" style=\"width:33%;float:left;margin-right:12px;max-width:100%;\" title=\"\" vspace=\"3\" width=\"171\">Le <strong>mardi 19 mai 2026<\/strong>, le comit\u00e9 des Alumni suisses (Alumni UNIGE, UNIL et EPFL) organise une conf\u00e9rence intitul\u00e9e <strong>\u00ab\u00a0Suisse &#8211; Canada\u00a0: comment d\u00e9velopper son r\u00e9seau sur deux territoires \u00e9loign\u00e9s ? \u00bb<\/strong>, qui se tiendra au Consulat g\u00e9n\u00e9ral de Suisse \u00e0 <strong>Montr\u00e9al<\/strong>.<\/p>\n<p>Lors de cette soir\u00e9e exclusive, suivie d\u2019un cocktail, les alumni d\u00e9couvriront comment b\u00e2tir un r\u00e9seau international efficace et pourront \u00e9changer avec des expert-es.<\/p>\n<p>\u00a0<\/p>\n<p>\u00a0<\/p>\n<p>Intervenants :<\/p>\n<ul>\n<li><strong><strong>Andr\u00e9anne Quintal<\/strong><\/strong>, Pr\u00e9sidente du conseil d\u2019administration de la Chambre de commerce Canado-Suisse (Qu\u00e9bec)<\/li>\n<li><strong><strong>Johann Marty<\/strong><\/strong>, CEO de TeamWork Canada<\/li>\n<li><strong><strong>Nathan Hostettler<\/strong><\/strong>, Head of R&#038;D and Sourcing chez Eleqtrion<\/li>\n<\/ul>\n<p><strong><strong>Madame Anne-B\u00e9atrice Bullinger<\/strong><\/strong>, Consule g\u00e9n\u00e9rale de Suisse, ouvrira l\u2019\u00e9v\u00e9nement.<\/p>\n","protected":false},"author":8,"featured_media":163710,"comment_status":"closed","ping_status":"closed","sticky":false,"template":"","format":"standard","meta":{"_acf_changed":false,"footnotes":""},"categories":[62],"tags":[],"class_list":["post-163712","post","type-post","status-publish","format-standard","has-post-thumbnail","hentry","category-unige-news-en"],"acf":{"peoplepath_id":"69ef64318032c0ffe00ed98c"},"yoast_head":"<!-- This site is optimized with the Yoast SEO plugin v27.4 - https:\/\/yoast.com\/product\/yoast-seo-wordpress\/ -->\n<title>Comment d\u00e9velopper son r\u00e9seau entre le Canada et la Suisse ? \u2013 Conf\u00e9rence du 19 mai 2026 \u00e0 Montr\u00e9al - ALUMNI - UNIGE<\/title>\n<meta name=\"robots\" content=\"index, follow, max-snippet:-1, max-image-preview:large, max-video-preview:-1\" \/>\n<link rel=\"canonical\" href=\"https:\/\/alumniunige.ch\/en\/comment-developper-son-reseau-entre-le-canada-et-la-suisse-conference-du-19-mai-2026-a-montreal\/\" \/>\n<meta property=\"og:locale\" content=\"en_US\" \/>\n<meta property=\"og:type\" content=\"article\" \/>\n<meta property=\"og:title\" content=\"Comment d\u00e9velopper son r\u00e9seau entre le Canada et la Suisse ? \u2013 Conf\u00e9rence du 19 mai 2026 \u00e0 Montr\u00e9al - ALUMNI - UNIGE\" \/>\n<meta property=\"og:description\" content=\"Le mardi 19 mai 2026, le comit\u00e9 des Alumni suisses (Alumni UNIGE, UNIL et EPFL) organise une conf\u00e9rence intitul\u00e9e \u00ab\u00a0Suisse - Canada\u00a0: comment d\u00e9velopper son r\u00e9seau sur deux territoires \u00e9loign\u00e9s ? \u00bb, qui se tiendra au Consulat g\u00e9n\u00e9ral de Suisse \u00e0 Montr\u00e9al.Lors de cette soir\u00e9e exclusive, suivie d\u2019un cocktail, les alumni d\u00e9couvriront comment b\u00e2tir un r\u00e9seau international efficace et pourront \u00e9changer avec des expert-es.\u00a0\u00a0Intervenants : Andr\u00e9anne Quintal, Pr\u00e9sidente du conseil d\u2019administration de la Chambre de commerce Canado-Suisse (Qu\u00e9bec) Johann Marty, CEO de TeamWork Canada Nathan Hostettler, Head of R&amp;D and Sourcing chez EleqtrionMadame Anne-B\u00e9atrice Bullinger, Consule g\u00e9n\u00e9rale de Suisse, ouvrira l\u2019\u00e9v\u00e9nement.\" \/>\n<meta property=\"og:url\" content=\"https:\/\/alumniunige.ch\/en\/comment-developper-son-reseau-entre-le-canada-et-la-suisse-conference-du-19-mai-2026-a-montreal\/\" \/>\n<meta property=\"og:site_name\" content=\"ALUMNI - UNIGE\" \/>\n<meta property=\"article:published_time\" content=\"2026-04-27T15:00:50+00:00\" \/>\n<meta property=\"article:modified_time\" content=\"2026-04-27T19:00:24+00:00\" \/>\n<meta property=\"og:image\" content=\"https:\/\/alumniunige.ch\/wp-content\/uploads\/2026\/04\/articles_69ef64318032c0ffe00ed98c.png\" \/>\n\t<meta property=\"og:image:width\" content=\"937\" \/>\n\t<meta property=\"og:image:height\" content=\"464\" \/>\n\t<meta property=\"og:image:type\" content=\"image\/png\" \/>\n<meta name=\"author\" content=\"website.integration\" \/>\n<meta name=\"twitter:card\" content=\"summary_large_image\" \/>\n<meta name=\"twitter:label1\" content=\"Written by\" \/>\n\t<meta name=\"twitter:data1\" content=\"website.integration\" \/>\n\t<meta name=\"twitter:label2\" content=\"Est. reading time\" \/>\n\t<meta name=\"twitter:data2\" content=\"1 minute\" \/>\n<script type=\"application\/ld+json\" class=\"yoast-schema-graph\">{\"@context\":\"https:\\\/\\\/schema.org\",\"@graph\":[{\"@type\":\"Article\",\"@id\":\"https:\\\/\\\/alumniunige.ch\\\/en\\\/comment-developper-son-reseau-entre-le-canada-et-la-suisse-conference-du-19-mai-2026-a-montreal\\\/#article\",\"isPartOf\":{\"@id\":\"https:\\\/\\\/alumniunige.ch\\\/en\\\/comment-developper-son-reseau-entre-le-canada-et-la-suisse-conference-du-19-mai-2026-a-montreal\\\/\"},\"author\":{\"name\":\"website.integration\",\"@id\":\"https:\\\/\\\/alumniunige.ch\\\/#\\\/schema\\\/person\\\/7b36591277922527cb7e723b9c3d4627\"},\"headline\":\"Comment d\u00e9velopper son r\u00e9seau entre le Canada et la Suisse ? \u2013 Conf\u00e9rence du 19 mai 2026 \u00e0 Montr\u00e9al\",\"datePublished\":\"2026-04-27T15:00:50+00:00\",\"dateModified\":\"2026-04-27T19:00:24+00:00\",\"mainEntityOfPage\":{\"@id\":\"https:\\\/\\\/alumniunige.ch\\\/en\\\/comment-developper-son-reseau-entre-le-canada-et-la-suisse-conference-du-19-mai-2026-a-montreal\\\/\"},\"wordCount\":158,\"image\":{\"@id\":\"https:\\\/\\\/alumniunige.ch\\\/en\\\/comment-developper-son-reseau-entre-le-canada-et-la-suisse-conference-du-19-mai-2026-a-montreal\\\/#primaryimage\"},\"thumbnailUrl\":\"https:\\\/\\\/alumniunige.ch\\\/wp-content\\\/uploads\\\/2026\\\/04\\\/articles_69ef64318032c0ffe00ed98c.png\",\"articleSection\":[\"NEWS\"],\"inLanguage\":\"en-US\"},{\"@type\":\"WebPage\",\"@id\":\"https:\\\/\\\/alumniunige.ch\\\/en\\\/comment-developper-son-reseau-entre-le-canada-et-la-suisse-conference-du-19-mai-2026-a-montreal\\\/\",\"url\":\"https:\\\/\\\/alumniunige.ch\\\/en\\\/comment-developper-son-reseau-entre-le-canada-et-la-suisse-conference-du-19-mai-2026-a-montreal\\\/\",\"name\":\"Comment d\u00e9velopper son r\u00e9seau entre le Canada et la Suisse ? \u2013 Conf\u00e9rence du 19 mai 2026 \u00e0 Montr\u00e9al - ALUMNI - UNIGE\",\"isPartOf\":{\"@id\":\"https:\\\/\\\/alumniunige.ch\\\/#website\"},\"primaryImageOfPage\":{\"@id\":\"https:\\\/\\\/alumniunige.ch\\\/en\\\/comment-developper-son-reseau-entre-le-canada-et-la-suisse-conference-du-19-mai-2026-a-montreal\\\/#primaryimage\"},\"image\":{\"@id\":\"https:\\\/\\\/alumniunige.ch\\\/en\\\/comment-developper-son-reseau-entre-le-canada-et-la-suisse-conference-du-19-mai-2026-a-montreal\\\/#primaryimage\"},\"thumbnailUrl\":\"https:\\\/\\\/alumniunige.ch\\\/wp-content\\\/uploads\\\/2026\\\/04\\\/articles_69ef64318032c0ffe00ed98c.png\",\"datePublished\":\"2026-04-27T15:00:50+00:00\",\"dateModified\":\"2026-04-27T19:00:24+00:00\",\"author\":{\"@id\":\"https:\\\/\\\/alumniunige.ch\\\/#\\\/schema\\\/person\\\/7b36591277922527cb7e723b9c3d4627\"},\"breadcrumb\":{\"@id\":\"https:\\\/\\\/alumniunige.ch\\\/en\\\/comment-developper-son-reseau-entre-le-canada-et-la-suisse-conference-du-19-mai-2026-a-montreal\\\/#breadcrumb\"},\"inLanguage\":\"en-US\",\"potentialAction\":[{\"@type\":\"ReadAction\",\"target\":[\"https:\\\/\\\/alumniunige.ch\\\/en\\\/comment-developper-son-reseau-entre-le-canada-et-la-suisse-conference-du-19-mai-2026-a-montreal\\\/\"]}]},{\"@type\":\"ImageObject\",\"inLanguage\":\"en-US\",\"@id\":\"https:\\\/\\\/alumniunige.ch\\\/en\\\/comment-developper-son-reseau-entre-le-canada-et-la-suisse-conference-du-19-mai-2026-a-montreal\\\/#primaryimage\",\"url\":\"https:\\\/\\\/alumniunige.ch\\\/wp-content\\\/uploads\\\/2026\\\/04\\\/articles_69ef64318032c0ffe00ed98c.png\",\"contentUrl\":\"https:\\\/\\\/alumniunige.ch\\\/wp-content\\\/uploads\\\/2026\\\/04\\\/articles_69ef64318032c0ffe00ed98c.png\",\"width\":937,\"height\":464},{\"@type\":\"BreadcrumbList\",\"@id\":\"https:\\\/\\\/alumniunige.ch\\\/en\\\/comment-developper-son-reseau-entre-le-canada-et-la-suisse-conference-du-19-mai-2026-a-montreal\\\/#breadcrumb\",\"itemListElement\":[{\"@type\":\"ListItem\",\"position\":1,\"name\":\"Startseite\",\"item\":\"https:\\\/\\\/alumniunige.ch\\\/en\\\/\"},{\"@type\":\"ListItem\",\"position\":2,\"name\":\"Comment d\u00e9velopper son r\u00e9seau entre le Canada et la Suisse ? \u2013 Conf\u00e9rence du 19 mai 2026 \u00e0 Montr\u00e9al\"}]},{\"@type\":\"WebSite\",\"@id\":\"https:\\\/\\\/alumniunige.ch\\\/#website\",\"url\":\"https:\\\/\\\/alumniunige.ch\\\/\",\"name\":\"ALUMNI - UNIGE\",\"description\":\"Universit\u00e9 de Gen\u00e8ve\",\"potentialAction\":[{\"@type\":\"SearchAction\",\"target\":{\"@type\":\"EntryPoint\",\"urlTemplate\":\"https:\\\/\\\/alumniunige.ch\\\/?s={search_term_string}\"},\"query-input\":{\"@type\":\"PropertyValueSpecification\",\"valueRequired\":true,\"valueName\":\"search_term_string\"}}],\"inLanguage\":\"en-US\"},{\"@type\":\"Person\",\"@id\":\"https:\\\/\\\/alumniunige.ch\\\/#\\\/schema\\\/person\\\/7b36591277922527cb7e723b9c3d4627\",\"name\":\"website.integration\",\"image\":{\"@type\":\"ImageObject\",\"inLanguage\":\"en-US\",\"@id\":\"https:\\\/\\\/secure.gravatar.com\\\/avatar\\\/a41cf11cca3cc95e198870ccc5040570d1bf056b2402fe8f0a59c2a326845955?s=96&d=mm&r=g\",\"url\":\"https:\\\/\\\/secure.gravatar.com\\\/avatar\\\/a41cf11cca3cc95e198870ccc5040570d1bf056b2402fe8f0a59c2a326845955?s=96&d=mm&r=g\",\"contentUrl\":\"https:\\\/\\\/secure.gravatar.com\\\/avatar\\\/a41cf11cca3cc95e198870ccc5040570d1bf056b2402fe8f0a59c2a326845955?s=96&d=mm&r=g\",\"caption\":\"website.integration\"},\"url\":\"https:\\\/\\\/alumniunige.ch\\\/en\\\/author\\\/website-integration\\\/\"}]}<\/script>\n<!-- \/ Yoast SEO plugin. -->","yoast_head_json":{"title":"Comment d\u00e9velopper son r\u00e9seau entre le Canada et la Suisse ? \u2013 Conf\u00e9rence du 19 mai 2026 \u00e0 Montr\u00e9al - ALUMNI - UNIGE","robots":{"index":"index","follow":"follow","max-snippet":"max-snippet:-1","max-image-preview":"max-image-preview:large","max-video-preview":"max-video-preview:-1"},"canonical":"https:\/\/alumniunige.ch\/en\/comment-developper-son-reseau-entre-le-canada-et-la-suisse-conference-du-19-mai-2026-a-montreal\/","og_locale":"en_US","og_type":"article","og_title":"Comment d\u00e9velopper son r\u00e9seau entre le Canada et la Suisse ? \u2013 Conf\u00e9rence du 19 mai 2026 \u00e0 Montr\u00e9al - ALUMNI - UNIGE","og_description":"Le mardi 19 mai 2026, le comit\u00e9 des Alumni suisses (Alumni UNIGE, UNIL et EPFL) organise une conf\u00e9rence intitul\u00e9e \u00ab\u00a0Suisse - Canada\u00a0: comment d\u00e9velopper son r\u00e9seau sur deux territoires \u00e9loign\u00e9s ? \u00bb, qui se tiendra au Consulat g\u00e9n\u00e9ral de Suisse \u00e0 Montr\u00e9al.Lors de cette soir\u00e9e exclusive, suivie d\u2019un cocktail, les alumni d\u00e9couvriront comment b\u00e2tir un r\u00e9seau international efficace et pourront \u00e9changer avec des expert-es.\u00a0\u00a0Intervenants : Andr\u00e9anne Quintal, Pr\u00e9sidente du conseil d\u2019administration de la Chambre de commerce Canado-Suisse (Qu\u00e9bec) Johann Marty, CEO de TeamWork Canada Nathan Hostettler, Head of R&D and Sourcing chez EleqtrionMadame Anne-B\u00e9atrice Bullinger, Consule g\u00e9n\u00e9rale de Suisse, ouvrira l\u2019\u00e9v\u00e9nement.","og_url":"https:\/\/alumniunige.ch\/en\/comment-developper-son-reseau-entre-le-canada-et-la-suisse-conference-du-19-mai-2026-a-montreal\/","og_site_name":"ALUMNI - UNIGE","article_published_time":"2026-04-27T15:00:50+00:00","article_modified_time":"2026-04-27T19:00:24+00:00","og_image":[{"width":937,"height":464,"url":"https:\/\/alumniunige.ch\/wp-content\/uploads\/2026\/04\/articles_69ef64318032c0ffe00ed98c.png","type":"image\/png"}],"author":"website.integration","twitter_card":"summary_large_image","twitter_misc":{"Written by":"website.integration","Est. reading time":"1 minute"},"schema":{"@context":"https:\/\/schema.org","@graph":[{"@type":"Article","@id":"https:\/\/alumniunige.ch\/en\/comment-developper-son-reseau-entre-le-canada-et-la-suisse-conference-du-19-mai-2026-a-montreal\/#article","isPartOf":{"@id":"https:\/\/alumniunige.ch\/en\/comment-developper-son-reseau-entre-le-canada-et-la-suisse-conference-du-19-mai-2026-a-montreal\/"},"author":{"name":"website.integration","@id":"https:\/\/alumniunige.ch\/#\/schema\/person\/7b36591277922527cb7e723b9c3d4627"},"headline":"Comment d\u00e9velopper son r\u00e9seau entre le Canada et la Suisse ? \u2013 Conf\u00e9rence du 19 mai 2026 \u00e0 Montr\u00e9al","datePublished":"2026-04-27T15:00:50+00:00","dateModified":"2026-04-27T19:00:24+00:00","mainEntityOfPage":{"@id":"https:\/\/alumniunige.ch\/en\/comment-developper-son-reseau-entre-le-canada-et-la-suisse-conference-du-19-mai-2026-a-montreal\/"},"wordCount":158,"image":{"@id":"https:\/\/alumniunige.ch\/en\/comment-developper-son-reseau-entre-le-canada-et-la-suisse-conference-du-19-mai-2026-a-montreal\/#primaryimage"},"thumbnailUrl":"https:\/\/alumniunige.ch\/wp-content\/uploads\/2026\/04\/articles_69ef64318032c0ffe00ed98c.png","articleSection":["NEWS"],"inLanguage":"en-US"},{"@type":"WebPage","@id":"https:\/\/alumniunige.ch\/en\/comment-developper-son-reseau-entre-le-canada-et-la-suisse-conference-du-19-mai-2026-a-montreal\/","url":"https:\/\/alumniunige.ch\/en\/comment-developper-son-reseau-entre-le-canada-et-la-suisse-conference-du-19-mai-2026-a-montreal\/","name":"Comment d\u00e9velopper son r\u00e9seau entre le Canada et la Suisse ? \u2013 Conf\u00e9rence du 19 mai 2026 \u00e0 Montr\u00e9al - ALUMNI - UNIGE","isPartOf":{"@id":"https:\/\/alumniunige.ch\/#website"},"primaryImageOfPage":{"@id":"https:\/\/alumniunige.ch\/en\/comment-developper-son-reseau-entre-le-canada-et-la-suisse-conference-du-19-mai-2026-a-montreal\/#primaryimage"},"image":{"@id":"https:\/\/alumniunige.ch\/en\/comment-developper-son-reseau-entre-le-canada-et-la-suisse-conference-du-19-mai-2026-a-montreal\/#primaryimage"},"thumbnailUrl":"https:\/\/alumniunige.ch\/wp-content\/uploads\/2026\/04\/articles_69ef64318032c0ffe00ed98c.png","datePublished":"2026-04-27T15:00:50+00:00","dateModified":"2026-04-27T19:00:24+00:00","author":{"@id":"https:\/\/alumniunige.ch\/#\/schema\/person\/7b36591277922527cb7e723b9c3d4627"},"breadcrumb":{"@id":"https:\/\/alumniunige.ch\/en\/comment-developper-son-reseau-entre-le-canada-et-la-suisse-conference-du-19-mai-2026-a-montreal\/#breadcrumb"},"inLanguage":"en-US","potentialAction":[{"@type":"ReadAction","target":["https:\/\/alumniunige.ch\/en\/comment-developper-son-reseau-entre-le-canada-et-la-suisse-conference-du-19-mai-2026-a-montreal\/"]}]},{"@type":"ImageObject","inLanguage":"en-US","@id":"https:\/\/alumniunige.ch\/en\/comment-developper-son-reseau-entre-le-canada-et-la-suisse-conference-du-19-mai-2026-a-montreal\/#primaryimage","url":"https:\/\/alumniunige.ch\/wp-content\/uploads\/2026\/04\/articles_69ef64318032c0ffe00ed98c.png","contentUrl":"https:\/\/alumniunige.ch\/wp-content\/uploads\/2026\/04\/articles_69ef64318032c0ffe00ed98c.png","width":937,"height":464},{"@type":"BreadcrumbList","@id":"https:\/\/alumniunige.ch\/en\/comment-developper-son-reseau-entre-le-canada-et-la-suisse-conference-du-19-mai-2026-a-montreal\/#breadcrumb","itemListElement":[{"@type":"ListItem","position":1,"name":"Startseite","item":"https:\/\/alumniunige.ch\/en\/"},{"@type":"ListItem","position":2,"name":"Comment d\u00e9velopper son r\u00e9seau entre le Canada et la Suisse ? \u2013 Conf\u00e9rence du 19 mai 2026 \u00e0 Montr\u00e9al"}]},{"@type":"WebSite","@id":"https:\/\/alumniunige.ch\/#website","url":"https:\/\/alumniunige.ch\/","name":"ALUMNI - UNIGE","description":"Universit\u00e9 de Gen\u00e8ve","potentialAction":[{"@type":"SearchAction","target":{"@type":"EntryPoint","urlTemplate":"https:\/\/alumniunige.ch\/?s={search_term_string}"},"query-input":{"@type":"PropertyValueSpecification","valueRequired":true,"valueName":"search_term_string"}}],"inLanguage":"en-US"},{"@type":"Person","@id":"https:\/\/alumniunige.ch\/#\/schema\/person\/7b36591277922527cb7e723b9c3d4627","name":"website.integration","image":{"@type":"ImageObject","inLanguage":"en-US","@id":"https:\/\/secure.gravatar.com\/avatar\/a41cf11cca3cc95e198870ccc5040570d1bf056b2402fe8f0a59c2a326845955?s=96&d=mm&r=g","url":"https:\/\/secure.gravatar.com\/avatar\/a41cf11cca3cc95e198870ccc5040570d1bf056b2402fe8f0a59c2a326845955?s=96&d=mm&r=g","contentUrl":"https:\/\/secure.gravatar.com\/avatar\/a41cf11cca3cc95e198870ccc5040570d1bf056b2402fe8f0a59c2a326845955?s=96&d=mm&r=g","caption":"website.integration"},"url":"https:\/\/alumniunige.ch\/en\/author\/website-integration\/"}]}},"_links":{"self":[{"href":"https:\/\/alumniunige.ch\/en\/wp-json\/wp\/v2\/posts\/163712","targetHints":{"allow":["GET"]}}],"collection":[{"href":"https:\/\/alumniunige.ch\/en\/wp-json\/wp\/v2\/posts"}],"about":[{"href":"https:\/\/alumniunige.ch\/en\/wp-json\/wp\/v2\/types\/post"}],"author":[{"embeddable":true,"href":"https:\/\/alumniunige.ch\/en\/wp-json\/wp\/v2\/users\/8"}],"replies":[{"embeddable":true,"href":"https:\/\/alumniunige.ch\/en\/wp-json\/wp\/v2\/comments?post=163712"}],"version-history":[{"count":1,"href":"https:\/\/alumniunige.ch\/en\/wp-json\/wp\/v2\/posts\/163712\/revisions"}],"predecessor-version":[{"id":163714,"href":"https:\/\/alumniunige.ch\/en\/wp-json\/wp\/v2\/posts\/163712\/revisions\/163714"}],"wp:featuredmedia":[{"embeddable":true,"href":"https:\/\/alumniunige.ch\/en\/wp-json\/wp\/v2\/media\/163710"}],"wp:attachment":[{"href":"https:\/\/alumniunige.ch\/en\/wp-json\/wp\/v2\/media?parent=163712"}],"wp:term":[{"taxonomy":"category","embeddable":true,"href":"https:\/\/alumniunige.ch\/en\/wp-json\/wp\/v2\/categories?post=163712"},{"taxonomy":"post_tag","embeddable":true,"href":"https:\/\/alumniunige.ch\/en\/wp-json\/wp\/v2\/tags?post=163712"}],"curies":[{"name":"wp","href":"https:\/\/api.w.org\/{rel}","templated":true}]}}