{"id":163700,"date":"2026-04-27T15:00:41","date_gmt":"2026-04-27T13:00:41","guid":{"rendered":"https:\/\/alumniunige.ch\/conference-pourquoi-le-travail-se-desenchante-du-sens-a-la-performance\/"},"modified":"2026-04-27T19:00:41","modified_gmt":"2026-04-27T17:00:41","slug":"conference-pourquoi-le-travail-se-desenchante-du-sens-a-la-performance","status":"publish","type":"post","link":"https:\/\/alumniunige.ch\/en\/conference-pourquoi-le-travail-se-desenchante-du-sens-a-la-performance\/","title":{"rendered":"Conf\u00e9rence &#8220;Pourquoi le travail se d\u00e9senchante: du sens \u00e0 la performance&#8221;"},"content":{"rendered":"<p>De: mercredi 06 mai 2026 19:00 \u00e0 mercredi 06 mai 2026 20:30<\/br><\/p>\n<p>Conf\u00e9rence de <strong>Julia de Fun\u00e8s<\/strong>, philosophe, \u00e9crivaine et sp\u00e9cialiste des ressources humaines, Paris<\/p>\n<p>La m\u00e9decine est l\u2019un des m\u00e9tiers les plus porteurs de sens que les r\u00e9alit\u00e9s du terrain met parfois \u00e0 rude \u00e9preuve. Dans le cadre du cycle de conf\u00e9rences des 150 ans de la Facult\u00e9 de m\u00e9decine, Julia de Fun\u00e8s proposera une analyse critique des normes contemporaines et des transformations de l\u2019identit\u00e9 au travail.<\/p>\n<p><a class=\"iw-rte-link-inline\" href=\"https:\/\/www.unige.ch\/medecine\/150ans\/SMGe\" target=\"_blank\" rel=\"noreferrer noopener\"><strong>Plus d&#8217;infos<\/strong><\/a><\/p>\n<p><\/br><\/br>Lieu: \u00a0CMU<\/br><\/br>Lien GoogleMap: <a href=\"https:\/\/share.google\/1bgIxefrc7yR1jij8\"> Voir<\/a><\/br><\/br><!--more--><\/br><\/br>S&#8217;inscrire \u00e0 cet \u00e9v\u00e9nement <a href=\"https:\/\/alumniunige.ch\/portal\/index.php?redirect=YTZkMzU0ZWZlODhiNTNlYmYxMTg5MjQ3H8cHlxB3XvsRMvPV3UA8mH9dH3I3ojvPWnw1ZnqAlg6FckeAEmozWEOeiNaK%2FOrctuKkwau3eAeD\">sur notre plate-forme<\/a>. <\/br><\/br>Pas encore inscrit ? <a href=\"https:\/\/alumniunige.ch\/association\/#devenir-membre\">Devenez membre d\u2019Alumni UNIGE<\/a>.<\/p>\n","protected":false},"excerpt":{"rendered":"<p>De: mercredi 06 mai 2026 19:00 \u00e0 mercredi 06 mai 2026 20:30<\/br><\/br><\/p>\n<p>Conf\u00e9rence de <strong>Julia de Fun\u00e8s<\/strong>, philosophe, \u00e9crivaine et sp\u00e9cialiste des ressources humaines, Paris<\/p>\n<p>La m\u00e9decine est l\u2019un des m\u00e9tiers les plus porteurs de sens que les r\u00e9alit\u00e9s du terrain met parfois \u00e0 rude \u00e9preuve. Dans le cadre du cycle de conf\u00e9rences des 150 ans de la Facult\u00e9 de m\u00e9decine, Julia de Fun\u00e8s proposera une analyse critique des normes contemporaines et des transformations de l\u2019identit\u00e9 au travail.<\/p>\n<p><a class=\"iw-rte-link-inline\" href=\"https:\/\/www.unige.ch\/medecine\/150ans\/SMGe\" target=\"_blank\" rel=\"noreferrer noopener\"><strong>Plus d&#8217;infos<\/strong><\/a><\/p>\n<p><\/br><\/br>Lieu: \u00a0CMU<\/br><\/br>Lien GoogleMap: <a href=\"https:\/\/share.google\/1bgIxefrc7yR1jij8\"> Voir<\/a><\/p>\n","protected":false},"author":8,"featured_media":163698,"comment_status":"closed","ping_status":"closed","sticky":false,"template":"","format":"standard","meta":{"_acf_changed":false,"footnotes":""},"categories":[64],"tags":[],"class_list":["post-163700","post","type-post","status-publish","format-standard","has-post-thumbnail","hentry","category-unige-events-en"],"acf":{"peoplepath_id":"1618"},"yoast_head":"<!-- This site is optimized with the Yoast SEO plugin v27.4 - https:\/\/yoast.com\/product\/yoast-seo-wordpress\/ -->\n<title>Conf\u00e9rence &quot;Pourquoi le travail se d\u00e9senchante: du sens \u00e0 la performance&quot; - ALUMNI - UNIGE<\/title>\n<meta name=\"robots\" content=\"index, follow, max-snippet:-1, max-image-preview:large, max-video-preview:-1\" \/>\n<link rel=\"canonical\" href=\"https:\/\/alumniunige.ch\/en\/conference-pourquoi-le-travail-se-desenchante-du-sens-a-la-performance\/\" \/>\n<meta property=\"og:locale\" content=\"en_US\" \/>\n<meta property=\"og:type\" content=\"article\" \/>\n<meta property=\"og:title\" content=\"Conf\u00e9rence &quot;Pourquoi le travail se d\u00e9senchante: du sens \u00e0 la performance&quot; - ALUMNI - UNIGE\" \/>\n<meta property=\"og:description\" content=\"De: mercredi 06 mai 2026 19:00 \u00e0 mercredi 06 mai 2026 20:30Conf\u00e9rence de Julia de Fun\u00e8s, philosophe, \u00e9crivaine et sp\u00e9cialiste des ressources humaines, ParisLa m\u00e9decine est l\u2019un des m\u00e9tiers les plus porteurs de sens que les r\u00e9alit\u00e9s du terrain met parfois \u00e0 rude \u00e9preuve. Dans le cadre du cycle de conf\u00e9rences des 150 ans de la Facult\u00e9 de m\u00e9decine, Julia de Fun\u00e8s proposera une analyse critique des normes contemporaines et des transformations de l\u2019identit\u00e9 au travail.Plus d&#039;infosLieu: \u00a0CMULien GoogleMap: Voir\" \/>\n<meta property=\"og:url\" content=\"https:\/\/alumniunige.ch\/en\/conference-pourquoi-le-travail-se-desenchante-du-sens-a-la-performance\/\" \/>\n<meta property=\"og:site_name\" content=\"ALUMNI - UNIGE\" \/>\n<meta property=\"article:published_time\" content=\"2026-04-27T13:00:41+00:00\" \/>\n<meta property=\"article:modified_time\" content=\"2026-04-27T17:00:41+00:00\" \/>\n<meta property=\"og:image\" content=\"https:\/\/alumniunige.ch\/wp-content\/uploads\/2026\/04\/events_1618.jpg\" \/>\n\t<meta property=\"og:image:width\" content=\"750\" \/>\n\t<meta property=\"og:image:height\" content=\"560\" \/>\n\t<meta property=\"og:image:type\" content=\"image\/jpeg\" \/>\n<meta name=\"author\" content=\"website.integration\" \/>\n<meta name=\"twitter:card\" content=\"summary_large_image\" \/>\n<meta name=\"twitter:label1\" content=\"Written by\" \/>\n\t<meta name=\"twitter:data1\" content=\"website.integration\" \/>\n<script type=\"application\/ld+json\" class=\"yoast-schema-graph\">{\"@context\":\"https:\\\/\\\/schema.org\",\"@graph\":[{\"@type\":\"Article\",\"@id\":\"https:\\\/\\\/alumniunige.ch\\\/en\\\/conference-pourquoi-le-travail-se-desenchante-du-sens-a-la-performance\\\/#article\",\"isPartOf\":{\"@id\":\"https:\\\/\\\/alumniunige.ch\\\/en\\\/conference-pourquoi-le-travail-se-desenchante-du-sens-a-la-performance\\\/\"},\"author\":{\"name\":\"website.integration\",\"@id\":\"https:\\\/\\\/alumniunige.ch\\\/#\\\/schema\\\/person\\\/7b36591277922527cb7e723b9c3d4627\"},\"headline\":\"Conf\u00e9rence &#8220;Pourquoi le travail se d\u00e9senchante: du sens \u00e0 la performance&#8221;\",\"datePublished\":\"2026-04-27T13:00:41+00:00\",\"dateModified\":\"2026-04-27T17:00:41+00:00\",\"mainEntityOfPage\":{\"@id\":\"https:\\\/\\\/alumniunige.ch\\\/en\\\/conference-pourquoi-le-travail-se-desenchante-du-sens-a-la-performance\\\/\"},\"wordCount\":115,\"image\":{\"@id\":\"https:\\\/\\\/alumniunige.ch\\\/en\\\/conference-pourquoi-le-travail-se-desenchante-du-sens-a-la-performance\\\/#primaryimage\"},\"thumbnailUrl\":\"https:\\\/\\\/alumniunige.ch\\\/wp-content\\\/uploads\\\/2026\\\/04\\\/events_1618.jpg\",\"articleSection\":[\"EVENTS\"],\"inLanguage\":\"en-US\"},{\"@type\":\"WebPage\",\"@id\":\"https:\\\/\\\/alumniunige.ch\\\/en\\\/conference-pourquoi-le-travail-se-desenchante-du-sens-a-la-performance\\\/\",\"url\":\"https:\\\/\\\/alumniunige.ch\\\/en\\\/conference-pourquoi-le-travail-se-desenchante-du-sens-a-la-performance\\\/\",\"name\":\"Conf\u00e9rence \\\"Pourquoi le travail se d\u00e9senchante: du sens \u00e0 la performance\\\" - ALUMNI - UNIGE\",\"isPartOf\":{\"@id\":\"https:\\\/\\\/alumniunige.ch\\\/#website\"},\"primaryImageOfPage\":{\"@id\":\"https:\\\/\\\/alumniunige.ch\\\/en\\\/conference-pourquoi-le-travail-se-desenchante-du-sens-a-la-performance\\\/#primaryimage\"},\"image\":{\"@id\":\"https:\\\/\\\/alumniunige.ch\\\/en\\\/conference-pourquoi-le-travail-se-desenchante-du-sens-a-la-performance\\\/#primaryimage\"},\"thumbnailUrl\":\"https:\\\/\\\/alumniunige.ch\\\/wp-content\\\/uploads\\\/2026\\\/04\\\/events_1618.jpg\",\"datePublished\":\"2026-04-27T13:00:41+00:00\",\"dateModified\":\"2026-04-27T17:00:41+00:00\",\"author\":{\"@id\":\"https:\\\/\\\/alumniunige.ch\\\/#\\\/schema\\\/person\\\/7b36591277922527cb7e723b9c3d4627\"},\"breadcrumb\":{\"@id\":\"https:\\\/\\\/alumniunige.ch\\\/en\\\/conference-pourquoi-le-travail-se-desenchante-du-sens-a-la-performance\\\/#breadcrumb\"},\"inLanguage\":\"en-US\",\"potentialAction\":[{\"@type\":\"ReadAction\",\"target\":[\"https:\\\/\\\/alumniunige.ch\\\/en\\\/conference-pourquoi-le-travail-se-desenchante-du-sens-a-la-performance\\\/\"]}]},{\"@type\":\"ImageObject\",\"inLanguage\":\"en-US\",\"@id\":\"https:\\\/\\\/alumniunige.ch\\\/en\\\/conference-pourquoi-le-travail-se-desenchante-du-sens-a-la-performance\\\/#primaryimage\",\"url\":\"https:\\\/\\\/alumniunige.ch\\\/wp-content\\\/uploads\\\/2026\\\/04\\\/events_1618.jpg\",\"contentUrl\":\"https:\\\/\\\/alumniunige.ch\\\/wp-content\\\/uploads\\\/2026\\\/04\\\/events_1618.jpg\",\"width\":750,\"height\":560},{\"@type\":\"BreadcrumbList\",\"@id\":\"https:\\\/\\\/alumniunige.ch\\\/en\\\/conference-pourquoi-le-travail-se-desenchante-du-sens-a-la-performance\\\/#breadcrumb\",\"itemListElement\":[{\"@type\":\"ListItem\",\"position\":1,\"name\":\"Startseite\",\"item\":\"https:\\\/\\\/alumniunige.ch\\\/en\\\/\"},{\"@type\":\"ListItem\",\"position\":2,\"name\":\"Conf\u00e9rence &#8220;Pourquoi le travail se d\u00e9senchante: du sens \u00e0 la performance&#8221;\"}]},{\"@type\":\"WebSite\",\"@id\":\"https:\\\/\\\/alumniunige.ch\\\/#website\",\"url\":\"https:\\\/\\\/alumniunige.ch\\\/\",\"name\":\"ALUMNI - UNIGE\",\"description\":\"Universit\u00e9 de Gen\u00e8ve\",\"potentialAction\":[{\"@type\":\"SearchAction\",\"target\":{\"@type\":\"EntryPoint\",\"urlTemplate\":\"https:\\\/\\\/alumniunige.ch\\\/?s={search_term_string}\"},\"query-input\":{\"@type\":\"PropertyValueSpecification\",\"valueRequired\":true,\"valueName\":\"search_term_string\"}}],\"inLanguage\":\"en-US\"},{\"@type\":\"Person\",\"@id\":\"https:\\\/\\\/alumniunige.ch\\\/#\\\/schema\\\/person\\\/7b36591277922527cb7e723b9c3d4627\",\"name\":\"website.integration\",\"image\":{\"@type\":\"ImageObject\",\"inLanguage\":\"en-US\",\"@id\":\"https:\\\/\\\/secure.gravatar.com\\\/avatar\\\/a41cf11cca3cc95e198870ccc5040570d1bf056b2402fe8f0a59c2a326845955?s=96&d=mm&r=g\",\"url\":\"https:\\\/\\\/secure.gravatar.com\\\/avatar\\\/a41cf11cca3cc95e198870ccc5040570d1bf056b2402fe8f0a59c2a326845955?s=96&d=mm&r=g\",\"contentUrl\":\"https:\\\/\\\/secure.gravatar.com\\\/avatar\\\/a41cf11cca3cc95e198870ccc5040570d1bf056b2402fe8f0a59c2a326845955?s=96&d=mm&r=g\",\"caption\":\"website.integration\"},\"url\":\"https:\\\/\\\/alumniunige.ch\\\/en\\\/author\\\/website-integration\\\/\"}]}<\/script>\n<!-- \/ Yoast SEO plugin. -->","yoast_head_json":{"title":"Conf\u00e9rence \"Pourquoi le travail se d\u00e9senchante: du sens \u00e0 la performance\" - ALUMNI - UNIGE","robots":{"index":"index","follow":"follow","max-snippet":"max-snippet:-1","max-image-preview":"max-image-preview:large","max-video-preview":"max-video-preview:-1"},"canonical":"https:\/\/alumniunige.ch\/en\/conference-pourquoi-le-travail-se-desenchante-du-sens-a-la-performance\/","og_locale":"en_US","og_type":"article","og_title":"Conf\u00e9rence \"Pourquoi le travail se d\u00e9senchante: du sens \u00e0 la performance\" - ALUMNI - UNIGE","og_description":"De: mercredi 06 mai 2026 19:00 \u00e0 mercredi 06 mai 2026 20:30Conf\u00e9rence de Julia de Fun\u00e8s, philosophe, \u00e9crivaine et sp\u00e9cialiste des ressources humaines, ParisLa m\u00e9decine est l\u2019un des m\u00e9tiers les plus porteurs de sens que les r\u00e9alit\u00e9s du terrain met parfois \u00e0 rude \u00e9preuve. Dans le cadre du cycle de conf\u00e9rences des 150 ans de la Facult\u00e9 de m\u00e9decine, Julia de Fun\u00e8s proposera une analyse critique des normes contemporaines et des transformations de l\u2019identit\u00e9 au travail.Plus d'infosLieu: \u00a0CMULien GoogleMap: Voir","og_url":"https:\/\/alumniunige.ch\/en\/conference-pourquoi-le-travail-se-desenchante-du-sens-a-la-performance\/","og_site_name":"ALUMNI - UNIGE","article_published_time":"2026-04-27T13:00:41+00:00","article_modified_time":"2026-04-27T17:00:41+00:00","og_image":[{"width":750,"height":560,"url":"https:\/\/alumniunige.ch\/wp-content\/uploads\/2026\/04\/events_1618.jpg","type":"image\/jpeg"}],"author":"website.integration","twitter_card":"summary_large_image","twitter_misc":{"Written by":"website.integration"},"schema":{"@context":"https:\/\/schema.org","@graph":[{"@type":"Article","@id":"https:\/\/alumniunige.ch\/en\/conference-pourquoi-le-travail-se-desenchante-du-sens-a-la-performance\/#article","isPartOf":{"@id":"https:\/\/alumniunige.ch\/en\/conference-pourquoi-le-travail-se-desenchante-du-sens-a-la-performance\/"},"author":{"name":"website.integration","@id":"https:\/\/alumniunige.ch\/#\/schema\/person\/7b36591277922527cb7e723b9c3d4627"},"headline":"Conf\u00e9rence &#8220;Pourquoi le travail se d\u00e9senchante: du sens \u00e0 la performance&#8221;","datePublished":"2026-04-27T13:00:41+00:00","dateModified":"2026-04-27T17:00:41+00:00","mainEntityOfPage":{"@id":"https:\/\/alumniunige.ch\/en\/conference-pourquoi-le-travail-se-desenchante-du-sens-a-la-performance\/"},"wordCount":115,"image":{"@id":"https:\/\/alumniunige.ch\/en\/conference-pourquoi-le-travail-se-desenchante-du-sens-a-la-performance\/#primaryimage"},"thumbnailUrl":"https:\/\/alumniunige.ch\/wp-content\/uploads\/2026\/04\/events_1618.jpg","articleSection":["EVENTS"],"inLanguage":"en-US"},{"@type":"WebPage","@id":"https:\/\/alumniunige.ch\/en\/conference-pourquoi-le-travail-se-desenchante-du-sens-a-la-performance\/","url":"https:\/\/alumniunige.ch\/en\/conference-pourquoi-le-travail-se-desenchante-du-sens-a-la-performance\/","name":"Conf\u00e9rence \"Pourquoi le travail se d\u00e9senchante: du sens \u00e0 la performance\" - ALUMNI - UNIGE","isPartOf":{"@id":"https:\/\/alumniunige.ch\/#website"},"primaryImageOfPage":{"@id":"https:\/\/alumniunige.ch\/en\/conference-pourquoi-le-travail-se-desenchante-du-sens-a-la-performance\/#primaryimage"},"image":{"@id":"https:\/\/alumniunige.ch\/en\/conference-pourquoi-le-travail-se-desenchante-du-sens-a-la-performance\/#primaryimage"},"thumbnailUrl":"https:\/\/alumniunige.ch\/wp-content\/uploads\/2026\/04\/events_1618.jpg","datePublished":"2026-04-27T13:00:41+00:00","dateModified":"2026-04-27T17:00:41+00:00","author":{"@id":"https:\/\/alumniunige.ch\/#\/schema\/person\/7b36591277922527cb7e723b9c3d4627"},"breadcrumb":{"@id":"https:\/\/alumniunige.ch\/en\/conference-pourquoi-le-travail-se-desenchante-du-sens-a-la-performance\/#breadcrumb"},"inLanguage":"en-US","potentialAction":[{"@type":"ReadAction","target":["https:\/\/alumniunige.ch\/en\/conference-pourquoi-le-travail-se-desenchante-du-sens-a-la-performance\/"]}]},{"@type":"ImageObject","inLanguage":"en-US","@id":"https:\/\/alumniunige.ch\/en\/conference-pourquoi-le-travail-se-desenchante-du-sens-a-la-performance\/#primaryimage","url":"https:\/\/alumniunige.ch\/wp-content\/uploads\/2026\/04\/events_1618.jpg","contentUrl":"https:\/\/alumniunige.ch\/wp-content\/uploads\/2026\/04\/events_1618.jpg","width":750,"height":560},{"@type":"BreadcrumbList","@id":"https:\/\/alumniunige.ch\/en\/conference-pourquoi-le-travail-se-desenchante-du-sens-a-la-performance\/#breadcrumb","itemListElement":[{"@type":"ListItem","position":1,"name":"Startseite","item":"https:\/\/alumniunige.ch\/en\/"},{"@type":"ListItem","position":2,"name":"Conf\u00e9rence &#8220;Pourquoi le travail se d\u00e9senchante: du sens \u00e0 la performance&#8221;"}]},{"@type":"WebSite","@id":"https:\/\/alumniunige.ch\/#website","url":"https:\/\/alumniunige.ch\/","name":"ALUMNI - UNIGE","description":"Universit\u00e9 de Gen\u00e8ve","potentialAction":[{"@type":"SearchAction","target":{"@type":"EntryPoint","urlTemplate":"https:\/\/alumniunige.ch\/?s={search_term_string}"},"query-input":{"@type":"PropertyValueSpecification","valueRequired":true,"valueName":"search_term_string"}}],"inLanguage":"en-US"},{"@type":"Person","@id":"https:\/\/alumniunige.ch\/#\/schema\/person\/7b36591277922527cb7e723b9c3d4627","name":"website.integration","image":{"@type":"ImageObject","inLanguage":"en-US","@id":"https:\/\/secure.gravatar.com\/avatar\/a41cf11cca3cc95e198870ccc5040570d1bf056b2402fe8f0a59c2a326845955?s=96&d=mm&r=g","url":"https:\/\/secure.gravatar.com\/avatar\/a41cf11cca3cc95e198870ccc5040570d1bf056b2402fe8f0a59c2a326845955?s=96&d=mm&r=g","contentUrl":"https:\/\/secure.gravatar.com\/avatar\/a41cf11cca3cc95e198870ccc5040570d1bf056b2402fe8f0a59c2a326845955?s=96&d=mm&r=g","caption":"website.integration"},"url":"https:\/\/alumniunige.ch\/en\/author\/website-integration\/"}]}},"_links":{"self":[{"href":"https:\/\/alumniunige.ch\/en\/wp-json\/wp\/v2\/posts\/163700","targetHints":{"allow":["GET"]}}],"collection":[{"href":"https:\/\/alumniunige.ch\/en\/wp-json\/wp\/v2\/posts"}],"about":[{"href":"https:\/\/alumniunige.ch\/en\/wp-json\/wp\/v2\/types\/post"}],"author":[{"embeddable":true,"href":"https:\/\/alumniunige.ch\/en\/wp-json\/wp\/v2\/users\/8"}],"replies":[{"embeddable":true,"href":"https:\/\/alumniunige.ch\/en\/wp-json\/wp\/v2\/comments?post=163700"}],"version-history":[{"count":1,"href":"https:\/\/alumniunige.ch\/en\/wp-json\/wp\/v2\/posts\/163700\/revisions"}],"predecessor-version":[{"id":163706,"href":"https:\/\/alumniunige.ch\/en\/wp-json\/wp\/v2\/posts\/163700\/revisions\/163706"}],"wp:featuredmedia":[{"embeddable":true,"href":"https:\/\/alumniunige.ch\/en\/wp-json\/wp\/v2\/media\/163698"}],"wp:attachment":[{"href":"https:\/\/alumniunige.ch\/en\/wp-json\/wp\/v2\/media?parent=163700"}],"wp:term":[{"taxonomy":"category","embeddable":true,"href":"https:\/\/alumniunige.ch\/en\/wp-json\/wp\/v2\/categories?post=163700"},{"taxonomy":"post_tag","embeddable":true,"href":"https:\/\/alumniunige.ch\/en\/wp-json\/wp\/v2\/tags?post=163700"}],"curies":[{"name":"wp","href":"https:\/\/api.w.org\/{rel}","templated":true}]}}