{"id":163688,"date":"2026-04-27T14:00:44","date_gmt":"2026-04-27T12:00:44","guid":{"rendered":"https:\/\/alumniunige.ch\/semaine-de-la-durabilite-4-au-9-mai\/"},"modified":"2026-04-27T17:01:08","modified_gmt":"2026-04-27T15:01:08","slug":"semaine-de-la-durabilite-4-au-9-mai","status":"publish","type":"post","link":"https:\/\/alumniunige.ch\/en\/semaine-de-la-durabilite-4-au-9-mai\/","title":{"rendered":"Semaine de la durabilit\u00e9 &#8211; 4 au 9 mai"},"content":{"rendered":"<p>De: lundi 04 mai 2026 00:00 \u00e0 samedi 09 mai 2026 00:00<\/br><\/p>\n<p>La Semaine de la durabilit\u00e9 est un projet \u00e9tudiant qui a pour but la sensibilisation au d\u00e9veloppement durable. Cette ann\u00e9e, plusieurs activit\u00e9s seront organis\u00e9es autour de la th\u00e9matique: un monde en mouvement. Le programme propose \u00e9galement une projection du film\u00a0<em>\u00abToxic Bodies\u00bb<\/em>, dont la diffusion est aliment\u00e9e par l\u2019\u00e9nergie produite en p\u00e9dalant.\u00a0<\/p>\n<p><a class=\"iw-rte-link-inline\" href=\"https:\/\/www.unige.ch\/sdd\/pretexte\/programme-2\" target=\"_blank\" rel=\"noreferrer noopener\"><strong>Plus d&#8217;infos<\/strong><\/a><\/p>\n<p><\/br><\/br>Lieu: \u00a0<\/br><\/br>Lien GoogleMap: <a href=\"\"> Voir<\/a><\/br><\/br><!--more--><\/br><\/br>S&#8217;inscrire \u00e0 cet \u00e9v\u00e9nement <a href=\"https:\/\/alumniunige.ch\/portal\/index.php?redirect=MjQxMDRjOTIyOTJhYTkzOTI0ZmRhN2Vjm9AQbAJs7fNJ4I8jlN7ababl5n0VEvHSzWj3SQZ%2BbOpCiP%2Bj7FT9q%2FK8r1dnI8KJE3oj7lQLxTtX\">sur notre plate-forme<\/a>. <\/br><\/br>Pas encore inscrit ? <a href=\"https:\/\/alumniunige.ch\/association\/#devenir-membre\">Devenez membre d\u2019Alumni UNIGE<\/a>.<\/p>\n","protected":false},"excerpt":{"rendered":"<p>De: lundi 04 mai 2026 00:00 \u00e0 samedi 09 mai 2026 00:00<\/br><\/br><\/p>\n<p>La Semaine de la durabilit\u00e9 est un projet \u00e9tudiant qui a pour but la sensibilisation au d\u00e9veloppement durable. Cette ann\u00e9e, plusieurs activit\u00e9s seront organis\u00e9es autour de la th\u00e9matique: un monde en mouvement. Le programme propose \u00e9galement une projection du film\u00a0<em>\u00abToxic Bodies\u00bb<\/em>, dont la diffusion est aliment\u00e9e par l\u2019\u00e9nergie produite en p\u00e9dalant.\u00a0<\/p>\n<p><a class=\"iw-rte-link-inline\" href=\"https:\/\/www.unige.ch\/sdd\/pretexte\/programme-2\" target=\"_blank\" rel=\"noreferrer noopener\"><strong>Plus d&#8217;infos<\/strong><\/a><\/p>\n<p><\/br><\/br>Lieu: \u00a0<\/br><\/br>Lien GoogleMap: <a href=\"\"> Voir<\/a><\/p>\n","protected":false},"author":8,"featured_media":163686,"comment_status":"closed","ping_status":"closed","sticky":false,"template":"","format":"standard","meta":{"_acf_changed":false,"footnotes":""},"categories":[64],"tags":[],"class_list":["post-163688","post","type-post","status-publish","format-standard","has-post-thumbnail","hentry","category-unige-events-en"],"acf":{"peoplepath_id":"1614"},"yoast_head":"<!-- This site is optimized with the Yoast SEO plugin v27.4 - https:\/\/yoast.com\/product\/yoast-seo-wordpress\/ -->\n<title>Semaine de la durabilit\u00e9 - 4 au 9 mai - ALUMNI - UNIGE<\/title>\n<meta name=\"robots\" content=\"index, follow, max-snippet:-1, max-image-preview:large, max-video-preview:-1\" \/>\n<link rel=\"canonical\" href=\"https:\/\/alumniunige.ch\/en\/semaine-de-la-durabilite-4-au-9-mai\/\" \/>\n<meta property=\"og:locale\" content=\"en_US\" \/>\n<meta property=\"og:type\" content=\"article\" \/>\n<meta property=\"og:title\" content=\"Semaine de la durabilit\u00e9 - 4 au 9 mai - ALUMNI - UNIGE\" \/>\n<meta property=\"og:description\" content=\"De: lundi 04 mai 2026 00:00 \u00e0 samedi 09 mai 2026 00:00La Semaine de la durabilit\u00e9 est un projet \u00e9tudiant qui a pour but la sensibilisation au d\u00e9veloppement durable. Cette ann\u00e9e, plusieurs activit\u00e9s seront organis\u00e9es autour de la th\u00e9matique: un monde en mouvement. Le programme propose \u00e9galement une projection du film\u00a0\u00abToxic Bodies\u00bb, dont la diffusion est aliment\u00e9e par l\u2019\u00e9nergie produite en p\u00e9dalant.\u00a0Plus d&#039;infosLieu: \u00a0Lien GoogleMap: Voir\" \/>\n<meta property=\"og:url\" content=\"https:\/\/alumniunige.ch\/en\/semaine-de-la-durabilite-4-au-9-mai\/\" \/>\n<meta property=\"og:site_name\" content=\"ALUMNI - UNIGE\" \/>\n<meta property=\"article:published_time\" content=\"2026-04-27T12:00:44+00:00\" \/>\n<meta property=\"article:modified_time\" content=\"2026-04-27T15:01:08+00:00\" \/>\n<meta property=\"og:image\" content=\"https:\/\/alumniunige.ch\/wp-content\/uploads\/2026\/04\/events_1614.jpg\" \/>\n\t<meta property=\"og:image:width\" content=\"2344\" \/>\n\t<meta property=\"og:image:height\" content=\"1156\" \/>\n\t<meta property=\"og:image:type\" content=\"image\/jpeg\" \/>\n<meta name=\"author\" content=\"website.integration\" \/>\n<meta name=\"twitter:card\" content=\"summary_large_image\" \/>\n<meta name=\"twitter:label1\" content=\"Written by\" \/>\n\t<meta name=\"twitter:data1\" content=\"website.integration\" \/>\n<script type=\"application\/ld+json\" class=\"yoast-schema-graph\">{\"@context\":\"https:\\\/\\\/schema.org\",\"@graph\":[{\"@type\":\"Article\",\"@id\":\"https:\\\/\\\/alumniunige.ch\\\/en\\\/semaine-de-la-durabilite-4-au-9-mai\\\/#article\",\"isPartOf\":{\"@id\":\"https:\\\/\\\/alumniunige.ch\\\/en\\\/semaine-de-la-durabilite-4-au-9-mai\\\/\"},\"author\":{\"name\":\"website.integration\",\"@id\":\"https:\\\/\\\/alumniunige.ch\\\/#\\\/schema\\\/person\\\/7b36591277922527cb7e723b9c3d4627\"},\"headline\":\"Semaine de la durabilit\u00e9 &#8211; 4 au 9 mai\",\"datePublished\":\"2026-04-27T12:00:44+00:00\",\"dateModified\":\"2026-04-27T15:01:08+00:00\",\"mainEntityOfPage\":{\"@id\":\"https:\\\/\\\/alumniunige.ch\\\/en\\\/semaine-de-la-durabilite-4-au-9-mai\\\/\"},\"wordCount\":93,\"image\":{\"@id\":\"https:\\\/\\\/alumniunige.ch\\\/en\\\/semaine-de-la-durabilite-4-au-9-mai\\\/#primaryimage\"},\"thumbnailUrl\":\"https:\\\/\\\/alumniunige.ch\\\/wp-content\\\/uploads\\\/2026\\\/04\\\/events_1614.jpg\",\"articleSection\":[\"EVENTS\"],\"inLanguage\":\"en-US\"},{\"@type\":\"WebPage\",\"@id\":\"https:\\\/\\\/alumniunige.ch\\\/en\\\/semaine-de-la-durabilite-4-au-9-mai\\\/\",\"url\":\"https:\\\/\\\/alumniunige.ch\\\/en\\\/semaine-de-la-durabilite-4-au-9-mai\\\/\",\"name\":\"Semaine de la durabilit\u00e9 - 4 au 9 mai - ALUMNI - UNIGE\",\"isPartOf\":{\"@id\":\"https:\\\/\\\/alumniunige.ch\\\/#website\"},\"primaryImageOfPage\":{\"@id\":\"https:\\\/\\\/alumniunige.ch\\\/en\\\/semaine-de-la-durabilite-4-au-9-mai\\\/#primaryimage\"},\"image\":{\"@id\":\"https:\\\/\\\/alumniunige.ch\\\/en\\\/semaine-de-la-durabilite-4-au-9-mai\\\/#primaryimage\"},\"thumbnailUrl\":\"https:\\\/\\\/alumniunige.ch\\\/wp-content\\\/uploads\\\/2026\\\/04\\\/events_1614.jpg\",\"datePublished\":\"2026-04-27T12:00:44+00:00\",\"dateModified\":\"2026-04-27T15:01:08+00:00\",\"author\":{\"@id\":\"https:\\\/\\\/alumniunige.ch\\\/#\\\/schema\\\/person\\\/7b36591277922527cb7e723b9c3d4627\"},\"breadcrumb\":{\"@id\":\"https:\\\/\\\/alumniunige.ch\\\/en\\\/semaine-de-la-durabilite-4-au-9-mai\\\/#breadcrumb\"},\"inLanguage\":\"en-US\",\"potentialAction\":[{\"@type\":\"ReadAction\",\"target\":[\"https:\\\/\\\/alumniunige.ch\\\/en\\\/semaine-de-la-durabilite-4-au-9-mai\\\/\"]}]},{\"@type\":\"ImageObject\",\"inLanguage\":\"en-US\",\"@id\":\"https:\\\/\\\/alumniunige.ch\\\/en\\\/semaine-de-la-durabilite-4-au-9-mai\\\/#primaryimage\",\"url\":\"https:\\\/\\\/alumniunige.ch\\\/wp-content\\\/uploads\\\/2026\\\/04\\\/events_1614.jpg\",\"contentUrl\":\"https:\\\/\\\/alumniunige.ch\\\/wp-content\\\/uploads\\\/2026\\\/04\\\/events_1614.jpg\",\"width\":2344,\"height\":1156},{\"@type\":\"BreadcrumbList\",\"@id\":\"https:\\\/\\\/alumniunige.ch\\\/en\\\/semaine-de-la-durabilite-4-au-9-mai\\\/#breadcrumb\",\"itemListElement\":[{\"@type\":\"ListItem\",\"position\":1,\"name\":\"Startseite\",\"item\":\"https:\\\/\\\/alumniunige.ch\\\/en\\\/\"},{\"@type\":\"ListItem\",\"position\":2,\"name\":\"Semaine de la durabilit\u00e9 &#8211; 4 au 9 mai\"}]},{\"@type\":\"WebSite\",\"@id\":\"https:\\\/\\\/alumniunige.ch\\\/#website\",\"url\":\"https:\\\/\\\/alumniunige.ch\\\/\",\"name\":\"ALUMNI - UNIGE\",\"description\":\"Universit\u00e9 de Gen\u00e8ve\",\"potentialAction\":[{\"@type\":\"SearchAction\",\"target\":{\"@type\":\"EntryPoint\",\"urlTemplate\":\"https:\\\/\\\/alumniunige.ch\\\/?s={search_term_string}\"},\"query-input\":{\"@type\":\"PropertyValueSpecification\",\"valueRequired\":true,\"valueName\":\"search_term_string\"}}],\"inLanguage\":\"en-US\"},{\"@type\":\"Person\",\"@id\":\"https:\\\/\\\/alumniunige.ch\\\/#\\\/schema\\\/person\\\/7b36591277922527cb7e723b9c3d4627\",\"name\":\"website.integration\",\"image\":{\"@type\":\"ImageObject\",\"inLanguage\":\"en-US\",\"@id\":\"https:\\\/\\\/secure.gravatar.com\\\/avatar\\\/a41cf11cca3cc95e198870ccc5040570d1bf056b2402fe8f0a59c2a326845955?s=96&d=mm&r=g\",\"url\":\"https:\\\/\\\/secure.gravatar.com\\\/avatar\\\/a41cf11cca3cc95e198870ccc5040570d1bf056b2402fe8f0a59c2a326845955?s=96&d=mm&r=g\",\"contentUrl\":\"https:\\\/\\\/secure.gravatar.com\\\/avatar\\\/a41cf11cca3cc95e198870ccc5040570d1bf056b2402fe8f0a59c2a326845955?s=96&d=mm&r=g\",\"caption\":\"website.integration\"},\"url\":\"https:\\\/\\\/alumniunige.ch\\\/en\\\/author\\\/website-integration\\\/\"}]}<\/script>\n<!-- \/ Yoast SEO plugin. -->","yoast_head_json":{"title":"Semaine de la durabilit\u00e9 - 4 au 9 mai - ALUMNI - UNIGE","robots":{"index":"index","follow":"follow","max-snippet":"max-snippet:-1","max-image-preview":"max-image-preview:large","max-video-preview":"max-video-preview:-1"},"canonical":"https:\/\/alumniunige.ch\/en\/semaine-de-la-durabilite-4-au-9-mai\/","og_locale":"en_US","og_type":"article","og_title":"Semaine de la durabilit\u00e9 - 4 au 9 mai - ALUMNI - UNIGE","og_description":"De: lundi 04 mai 2026 00:00 \u00e0 samedi 09 mai 2026 00:00La Semaine de la durabilit\u00e9 est un projet \u00e9tudiant qui a pour but la sensibilisation au d\u00e9veloppement durable. Cette ann\u00e9e, plusieurs activit\u00e9s seront organis\u00e9es autour de la th\u00e9matique: un monde en mouvement. Le programme propose \u00e9galement une projection du film\u00a0\u00abToxic Bodies\u00bb, dont la diffusion est aliment\u00e9e par l\u2019\u00e9nergie produite en p\u00e9dalant.\u00a0Plus d'infosLieu: \u00a0Lien GoogleMap: Voir","og_url":"https:\/\/alumniunige.ch\/en\/semaine-de-la-durabilite-4-au-9-mai\/","og_site_name":"ALUMNI - UNIGE","article_published_time":"2026-04-27T12:00:44+00:00","article_modified_time":"2026-04-27T15:01:08+00:00","og_image":[{"width":2344,"height":1156,"url":"https:\/\/alumniunige.ch\/wp-content\/uploads\/2026\/04\/events_1614.jpg","type":"image\/jpeg"}],"author":"website.integration","twitter_card":"summary_large_image","twitter_misc":{"Written by":"website.integration"},"schema":{"@context":"https:\/\/schema.org","@graph":[{"@type":"Article","@id":"https:\/\/alumniunige.ch\/en\/semaine-de-la-durabilite-4-au-9-mai\/#article","isPartOf":{"@id":"https:\/\/alumniunige.ch\/en\/semaine-de-la-durabilite-4-au-9-mai\/"},"author":{"name":"website.integration","@id":"https:\/\/alumniunige.ch\/#\/schema\/person\/7b36591277922527cb7e723b9c3d4627"},"headline":"Semaine de la durabilit\u00e9 &#8211; 4 au 9 mai","datePublished":"2026-04-27T12:00:44+00:00","dateModified":"2026-04-27T15:01:08+00:00","mainEntityOfPage":{"@id":"https:\/\/alumniunige.ch\/en\/semaine-de-la-durabilite-4-au-9-mai\/"},"wordCount":93,"image":{"@id":"https:\/\/alumniunige.ch\/en\/semaine-de-la-durabilite-4-au-9-mai\/#primaryimage"},"thumbnailUrl":"https:\/\/alumniunige.ch\/wp-content\/uploads\/2026\/04\/events_1614.jpg","articleSection":["EVENTS"],"inLanguage":"en-US"},{"@type":"WebPage","@id":"https:\/\/alumniunige.ch\/en\/semaine-de-la-durabilite-4-au-9-mai\/","url":"https:\/\/alumniunige.ch\/en\/semaine-de-la-durabilite-4-au-9-mai\/","name":"Semaine de la durabilit\u00e9 - 4 au 9 mai - ALUMNI - UNIGE","isPartOf":{"@id":"https:\/\/alumniunige.ch\/#website"},"primaryImageOfPage":{"@id":"https:\/\/alumniunige.ch\/en\/semaine-de-la-durabilite-4-au-9-mai\/#primaryimage"},"image":{"@id":"https:\/\/alumniunige.ch\/en\/semaine-de-la-durabilite-4-au-9-mai\/#primaryimage"},"thumbnailUrl":"https:\/\/alumniunige.ch\/wp-content\/uploads\/2026\/04\/events_1614.jpg","datePublished":"2026-04-27T12:00:44+00:00","dateModified":"2026-04-27T15:01:08+00:00","author":{"@id":"https:\/\/alumniunige.ch\/#\/schema\/person\/7b36591277922527cb7e723b9c3d4627"},"breadcrumb":{"@id":"https:\/\/alumniunige.ch\/en\/semaine-de-la-durabilite-4-au-9-mai\/#breadcrumb"},"inLanguage":"en-US","potentialAction":[{"@type":"ReadAction","target":["https:\/\/alumniunige.ch\/en\/semaine-de-la-durabilite-4-au-9-mai\/"]}]},{"@type":"ImageObject","inLanguage":"en-US","@id":"https:\/\/alumniunige.ch\/en\/semaine-de-la-durabilite-4-au-9-mai\/#primaryimage","url":"https:\/\/alumniunige.ch\/wp-content\/uploads\/2026\/04\/events_1614.jpg","contentUrl":"https:\/\/alumniunige.ch\/wp-content\/uploads\/2026\/04\/events_1614.jpg","width":2344,"height":1156},{"@type":"BreadcrumbList","@id":"https:\/\/alumniunige.ch\/en\/semaine-de-la-durabilite-4-au-9-mai\/#breadcrumb","itemListElement":[{"@type":"ListItem","position":1,"name":"Startseite","item":"https:\/\/alumniunige.ch\/en\/"},{"@type":"ListItem","position":2,"name":"Semaine de la durabilit\u00e9 &#8211; 4 au 9 mai"}]},{"@type":"WebSite","@id":"https:\/\/alumniunige.ch\/#website","url":"https:\/\/alumniunige.ch\/","name":"ALUMNI - UNIGE","description":"Universit\u00e9 de Gen\u00e8ve","potentialAction":[{"@type":"SearchAction","target":{"@type":"EntryPoint","urlTemplate":"https:\/\/alumniunige.ch\/?s={search_term_string}"},"query-input":{"@type":"PropertyValueSpecification","valueRequired":true,"valueName":"search_term_string"}}],"inLanguage":"en-US"},{"@type":"Person","@id":"https:\/\/alumniunige.ch\/#\/schema\/person\/7b36591277922527cb7e723b9c3d4627","name":"website.integration","image":{"@type":"ImageObject","inLanguage":"en-US","@id":"https:\/\/secure.gravatar.com\/avatar\/a41cf11cca3cc95e198870ccc5040570d1bf056b2402fe8f0a59c2a326845955?s=96&d=mm&r=g","url":"https:\/\/secure.gravatar.com\/avatar\/a41cf11cca3cc95e198870ccc5040570d1bf056b2402fe8f0a59c2a326845955?s=96&d=mm&r=g","contentUrl":"https:\/\/secure.gravatar.com\/avatar\/a41cf11cca3cc95e198870ccc5040570d1bf056b2402fe8f0a59c2a326845955?s=96&d=mm&r=g","caption":"website.integration"},"url":"https:\/\/alumniunige.ch\/en\/author\/website-integration\/"}]}},"_links":{"self":[{"href":"https:\/\/alumniunige.ch\/en\/wp-json\/wp\/v2\/posts\/163688","targetHints":{"allow":["GET"]}}],"collection":[{"href":"https:\/\/alumniunige.ch\/en\/wp-json\/wp\/v2\/posts"}],"about":[{"href":"https:\/\/alumniunige.ch\/en\/wp-json\/wp\/v2\/types\/post"}],"author":[{"embeddable":true,"href":"https:\/\/alumniunige.ch\/en\/wp-json\/wp\/v2\/users\/8"}],"replies":[{"embeddable":true,"href":"https:\/\/alumniunige.ch\/en\/wp-json\/wp\/v2\/comments?post=163688"}],"version-history":[{"count":1,"href":"https:\/\/alumniunige.ch\/en\/wp-json\/wp\/v2\/posts\/163688\/revisions"}],"predecessor-version":[{"id":163696,"href":"https:\/\/alumniunige.ch\/en\/wp-json\/wp\/v2\/posts\/163688\/revisions\/163696"}],"wp:featuredmedia":[{"embeddable":true,"href":"https:\/\/alumniunige.ch\/en\/wp-json\/wp\/v2\/media\/163686"}],"wp:attachment":[{"href":"https:\/\/alumniunige.ch\/en\/wp-json\/wp\/v2\/media?parent=163688"}],"wp:term":[{"taxonomy":"category","embeddable":true,"href":"https:\/\/alumniunige.ch\/en\/wp-json\/wp\/v2\/categories?post=163688"},{"taxonomy":"post_tag","embeddable":true,"href":"https:\/\/alumniunige.ch\/en\/wp-json\/wp\/v2\/tags?post=163688"}],"curies":[{"name":"wp","href":"https:\/\/api.w.org\/{rel}","templated":true}]}}