{"id":163684,"date":"2026-04-27T14:00:40","date_gmt":"2026-04-27T12:00:40","guid":{"rendered":"https:\/\/alumniunige.ch\/festival-explorer-demain\/"},"modified":"2026-04-27T17:01:07","modified_gmt":"2026-04-27T15:01:07","slug":"festival-explorer-demain","status":"publish","type":"post","link":"https:\/\/alumniunige.ch\/en\/festival-explorer-demain\/","title":{"rendered":"Festival &#8220;Explorer demain&#8221;"},"content":{"rendered":"<p>De: samedi 02 mai 2026 00:00 \u00e0 samedi 09 mai 2026 00:00<\/br><\/p>\n<p>Du 2 au 9 mai<\/p>\n<p>Sp\u00e9cialistes, artistes, citoyennes et citoyens se rassemblent pour r\u00eaver, \u00e9changer et fa\u00e7onner un futur commun. Immersif et participatif, ce festival genevois investit des lieux embl\u00e9matiques pour \u00e9changer autour de solutions concr\u00e8tes.<\/p>\n<p><a class=\"iw-rte-link-inline\" href=\"https:\/\/exploregeneve.ch\/\" target=\"_blank\" rel=\"noreferrer noopener\"><strong>Plus d&#8217;infos<\/strong><\/a><\/p>\n<p><\/br><\/br>Lieu: \u00a0<\/br><\/br>Lien GoogleMap: <a href=\"\"> Voir<\/a><\/br><\/br><!--more--><\/br><\/br>S&#8217;inscrire \u00e0 cet \u00e9v\u00e9nement <a href=\"https:\/\/alumniunige.ch\/portal\/index.php?redirect=MzgwZGRkNTUzMTA1MTJlNjE0NTdkYjQ5VOxfUADOsRC4gS2P55RAm4x7YhRQEtJ1q5PVqDqhbDwDkLMRwesszxkc9cYH9Csi0JRiipX34YY4\">sur notre plate-forme<\/a>. <\/br><\/br>Pas encore inscrit ? <a href=\"https:\/\/alumniunige.ch\/association\/#devenir-membre\">Devenez membre d\u2019Alumni UNIGE<\/a>.<\/p>\n","protected":false},"excerpt":{"rendered":"<p>De: samedi 02 mai 2026 00:00 \u00e0 samedi 09 mai 2026 00:00<\/br><\/br><\/p>\n<p>Du 2 au 9 mai<\/p>\n<p>Sp\u00e9cialistes, artistes, citoyennes et citoyens se rassemblent pour r\u00eaver, \u00e9changer et fa\u00e7onner un futur commun. Immersif et participatif, ce festival genevois investit des lieux embl\u00e9matiques pour \u00e9changer autour de solutions concr\u00e8tes.<\/p>\n<p><a class=\"iw-rte-link-inline\" href=\"https:\/\/exploregeneve.ch\/\" target=\"_blank\" rel=\"noreferrer noopener\"><strong>Plus d&#8217;infos<\/strong><\/a><\/p>\n<p><\/br><\/br>Lieu: \u00a0<\/br><\/br>Lien GoogleMap: <a href=\"\"> Voir<\/a><\/p>\n","protected":false},"author":8,"featured_media":163682,"comment_status":"closed","ping_status":"closed","sticky":false,"template":"","format":"standard","meta":{"_acf_changed":false,"footnotes":""},"categories":[64],"tags":[],"class_list":["post-163684","post","type-post","status-publish","format-standard","has-post-thumbnail","hentry","category-unige-events-en"],"acf":{"peoplepath_id":"1617"},"yoast_head":"<!-- This site is optimized with the Yoast SEO plugin v27.4 - https:\/\/yoast.com\/product\/yoast-seo-wordpress\/ -->\n<title>Festival &quot;Explorer demain&quot; - ALUMNI - UNIGE<\/title>\n<meta name=\"robots\" content=\"index, follow, max-snippet:-1, max-image-preview:large, max-video-preview:-1\" \/>\n<link rel=\"canonical\" href=\"https:\/\/alumniunige.ch\/en\/festival-explorer-demain\/\" \/>\n<meta property=\"og:locale\" content=\"en_US\" \/>\n<meta property=\"og:type\" content=\"article\" \/>\n<meta property=\"og:title\" content=\"Festival &quot;Explorer demain&quot; - ALUMNI - UNIGE\" \/>\n<meta property=\"og:description\" content=\"De: samedi 02 mai 2026 00:00 \u00e0 samedi 09 mai 2026 00:00Du 2 au 9 maiSp\u00e9cialistes, artistes, citoyennes et citoyens se rassemblent pour r\u00eaver, \u00e9changer et fa\u00e7onner un futur commun. Immersif et participatif, ce festival genevois investit des lieux embl\u00e9matiques pour \u00e9changer autour de solutions concr\u00e8tes.Plus d&#039;infosLieu: \u00a0Lien GoogleMap: Voir\" \/>\n<meta property=\"og:url\" content=\"https:\/\/alumniunige.ch\/en\/festival-explorer-demain\/\" \/>\n<meta property=\"og:site_name\" content=\"ALUMNI - UNIGE\" \/>\n<meta property=\"article:published_time\" content=\"2026-04-27T12:00:40+00:00\" \/>\n<meta property=\"article:modified_time\" content=\"2026-04-27T15:01:07+00:00\" \/>\n<meta property=\"og:image\" content=\"https:\/\/alumniunige.ch\/wp-content\/uploads\/2026\/04\/events_1617.png\" \/>\n\t<meta property=\"og:image:width\" content=\"1140\" \/>\n\t<meta property=\"og:image:height\" content=\"855\" \/>\n\t<meta property=\"og:image:type\" content=\"image\/png\" \/>\n<meta name=\"author\" content=\"website.integration\" \/>\n<meta name=\"twitter:card\" content=\"summary_large_image\" \/>\n<meta name=\"twitter:label1\" content=\"Written by\" \/>\n\t<meta name=\"twitter:data1\" content=\"website.integration\" \/>\n<script type=\"application\/ld+json\" class=\"yoast-schema-graph\">{\"@context\":\"https:\\\/\\\/schema.org\",\"@graph\":[{\"@type\":\"Article\",\"@id\":\"https:\\\/\\\/alumniunige.ch\\\/en\\\/festival-explorer-demain\\\/#article\",\"isPartOf\":{\"@id\":\"https:\\\/\\\/alumniunige.ch\\\/en\\\/festival-explorer-demain\\\/\"},\"author\":{\"name\":\"website.integration\",\"@id\":\"https:\\\/\\\/alumniunige.ch\\\/#\\\/schema\\\/person\\\/7b36591277922527cb7e723b9c3d4627\"},\"headline\":\"Festival &#8220;Explorer demain&#8221;\",\"datePublished\":\"2026-04-27T12:00:40+00:00\",\"dateModified\":\"2026-04-27T15:01:07+00:00\",\"mainEntityOfPage\":{\"@id\":\"https:\\\/\\\/alumniunige.ch\\\/en\\\/festival-explorer-demain\\\/\"},\"wordCount\":68,\"image\":{\"@id\":\"https:\\\/\\\/alumniunige.ch\\\/en\\\/festival-explorer-demain\\\/#primaryimage\"},\"thumbnailUrl\":\"https:\\\/\\\/alumniunige.ch\\\/wp-content\\\/uploads\\\/2026\\\/04\\\/events_1617.png\",\"articleSection\":[\"EVENTS\"],\"inLanguage\":\"en-US\"},{\"@type\":\"WebPage\",\"@id\":\"https:\\\/\\\/alumniunige.ch\\\/en\\\/festival-explorer-demain\\\/\",\"url\":\"https:\\\/\\\/alumniunige.ch\\\/en\\\/festival-explorer-demain\\\/\",\"name\":\"Festival \\\"Explorer demain\\\" - ALUMNI - UNIGE\",\"isPartOf\":{\"@id\":\"https:\\\/\\\/alumniunige.ch\\\/#website\"},\"primaryImageOfPage\":{\"@id\":\"https:\\\/\\\/alumniunige.ch\\\/en\\\/festival-explorer-demain\\\/#primaryimage\"},\"image\":{\"@id\":\"https:\\\/\\\/alumniunige.ch\\\/en\\\/festival-explorer-demain\\\/#primaryimage\"},\"thumbnailUrl\":\"https:\\\/\\\/alumniunige.ch\\\/wp-content\\\/uploads\\\/2026\\\/04\\\/events_1617.png\",\"datePublished\":\"2026-04-27T12:00:40+00:00\",\"dateModified\":\"2026-04-27T15:01:07+00:00\",\"author\":{\"@id\":\"https:\\\/\\\/alumniunige.ch\\\/#\\\/schema\\\/person\\\/7b36591277922527cb7e723b9c3d4627\"},\"breadcrumb\":{\"@id\":\"https:\\\/\\\/alumniunige.ch\\\/en\\\/festival-explorer-demain\\\/#breadcrumb\"},\"inLanguage\":\"en-US\",\"potentialAction\":[{\"@type\":\"ReadAction\",\"target\":[\"https:\\\/\\\/alumniunige.ch\\\/en\\\/festival-explorer-demain\\\/\"]}]},{\"@type\":\"ImageObject\",\"inLanguage\":\"en-US\",\"@id\":\"https:\\\/\\\/alumniunige.ch\\\/en\\\/festival-explorer-demain\\\/#primaryimage\",\"url\":\"https:\\\/\\\/alumniunige.ch\\\/wp-content\\\/uploads\\\/2026\\\/04\\\/events_1617.png\",\"contentUrl\":\"https:\\\/\\\/alumniunige.ch\\\/wp-content\\\/uploads\\\/2026\\\/04\\\/events_1617.png\",\"width\":1140,\"height\":855},{\"@type\":\"BreadcrumbList\",\"@id\":\"https:\\\/\\\/alumniunige.ch\\\/en\\\/festival-explorer-demain\\\/#breadcrumb\",\"itemListElement\":[{\"@type\":\"ListItem\",\"position\":1,\"name\":\"Startseite\",\"item\":\"https:\\\/\\\/alumniunige.ch\\\/en\\\/\"},{\"@type\":\"ListItem\",\"position\":2,\"name\":\"Festival &#8220;Explorer demain&#8221;\"}]},{\"@type\":\"WebSite\",\"@id\":\"https:\\\/\\\/alumniunige.ch\\\/#website\",\"url\":\"https:\\\/\\\/alumniunige.ch\\\/\",\"name\":\"ALUMNI - UNIGE\",\"description\":\"Universit\u00e9 de Gen\u00e8ve\",\"potentialAction\":[{\"@type\":\"SearchAction\",\"target\":{\"@type\":\"EntryPoint\",\"urlTemplate\":\"https:\\\/\\\/alumniunige.ch\\\/?s={search_term_string}\"},\"query-input\":{\"@type\":\"PropertyValueSpecification\",\"valueRequired\":true,\"valueName\":\"search_term_string\"}}],\"inLanguage\":\"en-US\"},{\"@type\":\"Person\",\"@id\":\"https:\\\/\\\/alumniunige.ch\\\/#\\\/schema\\\/person\\\/7b36591277922527cb7e723b9c3d4627\",\"name\":\"website.integration\",\"image\":{\"@type\":\"ImageObject\",\"inLanguage\":\"en-US\",\"@id\":\"https:\\\/\\\/secure.gravatar.com\\\/avatar\\\/a41cf11cca3cc95e198870ccc5040570d1bf056b2402fe8f0a59c2a326845955?s=96&d=mm&r=g\",\"url\":\"https:\\\/\\\/secure.gravatar.com\\\/avatar\\\/a41cf11cca3cc95e198870ccc5040570d1bf056b2402fe8f0a59c2a326845955?s=96&d=mm&r=g\",\"contentUrl\":\"https:\\\/\\\/secure.gravatar.com\\\/avatar\\\/a41cf11cca3cc95e198870ccc5040570d1bf056b2402fe8f0a59c2a326845955?s=96&d=mm&r=g\",\"caption\":\"website.integration\"},\"url\":\"https:\\\/\\\/alumniunige.ch\\\/en\\\/author\\\/website-integration\\\/\"}]}<\/script>\n<!-- \/ Yoast SEO plugin. -->","yoast_head_json":{"title":"Festival \"Explorer demain\" - ALUMNI - UNIGE","robots":{"index":"index","follow":"follow","max-snippet":"max-snippet:-1","max-image-preview":"max-image-preview:large","max-video-preview":"max-video-preview:-1"},"canonical":"https:\/\/alumniunige.ch\/en\/festival-explorer-demain\/","og_locale":"en_US","og_type":"article","og_title":"Festival \"Explorer demain\" - ALUMNI - UNIGE","og_description":"De: samedi 02 mai 2026 00:00 \u00e0 samedi 09 mai 2026 00:00Du 2 au 9 maiSp\u00e9cialistes, artistes, citoyennes et citoyens se rassemblent pour r\u00eaver, \u00e9changer et fa\u00e7onner un futur commun. Immersif et participatif, ce festival genevois investit des lieux embl\u00e9matiques pour \u00e9changer autour de solutions concr\u00e8tes.Plus d'infosLieu: \u00a0Lien GoogleMap: Voir","og_url":"https:\/\/alumniunige.ch\/en\/festival-explorer-demain\/","og_site_name":"ALUMNI - UNIGE","article_published_time":"2026-04-27T12:00:40+00:00","article_modified_time":"2026-04-27T15:01:07+00:00","og_image":[{"width":1140,"height":855,"url":"https:\/\/alumniunige.ch\/wp-content\/uploads\/2026\/04\/events_1617.png","type":"image\/png"}],"author":"website.integration","twitter_card":"summary_large_image","twitter_misc":{"Written by":"website.integration"},"schema":{"@context":"https:\/\/schema.org","@graph":[{"@type":"Article","@id":"https:\/\/alumniunige.ch\/en\/festival-explorer-demain\/#article","isPartOf":{"@id":"https:\/\/alumniunige.ch\/en\/festival-explorer-demain\/"},"author":{"name":"website.integration","@id":"https:\/\/alumniunige.ch\/#\/schema\/person\/7b36591277922527cb7e723b9c3d4627"},"headline":"Festival &#8220;Explorer demain&#8221;","datePublished":"2026-04-27T12:00:40+00:00","dateModified":"2026-04-27T15:01:07+00:00","mainEntityOfPage":{"@id":"https:\/\/alumniunige.ch\/en\/festival-explorer-demain\/"},"wordCount":68,"image":{"@id":"https:\/\/alumniunige.ch\/en\/festival-explorer-demain\/#primaryimage"},"thumbnailUrl":"https:\/\/alumniunige.ch\/wp-content\/uploads\/2026\/04\/events_1617.png","articleSection":["EVENTS"],"inLanguage":"en-US"},{"@type":"WebPage","@id":"https:\/\/alumniunige.ch\/en\/festival-explorer-demain\/","url":"https:\/\/alumniunige.ch\/en\/festival-explorer-demain\/","name":"Festival \"Explorer demain\" - ALUMNI - UNIGE","isPartOf":{"@id":"https:\/\/alumniunige.ch\/#website"},"primaryImageOfPage":{"@id":"https:\/\/alumniunige.ch\/en\/festival-explorer-demain\/#primaryimage"},"image":{"@id":"https:\/\/alumniunige.ch\/en\/festival-explorer-demain\/#primaryimage"},"thumbnailUrl":"https:\/\/alumniunige.ch\/wp-content\/uploads\/2026\/04\/events_1617.png","datePublished":"2026-04-27T12:00:40+00:00","dateModified":"2026-04-27T15:01:07+00:00","author":{"@id":"https:\/\/alumniunige.ch\/#\/schema\/person\/7b36591277922527cb7e723b9c3d4627"},"breadcrumb":{"@id":"https:\/\/alumniunige.ch\/en\/festival-explorer-demain\/#breadcrumb"},"inLanguage":"en-US","potentialAction":[{"@type":"ReadAction","target":["https:\/\/alumniunige.ch\/en\/festival-explorer-demain\/"]}]},{"@type":"ImageObject","inLanguage":"en-US","@id":"https:\/\/alumniunige.ch\/en\/festival-explorer-demain\/#primaryimage","url":"https:\/\/alumniunige.ch\/wp-content\/uploads\/2026\/04\/events_1617.png","contentUrl":"https:\/\/alumniunige.ch\/wp-content\/uploads\/2026\/04\/events_1617.png","width":1140,"height":855},{"@type":"BreadcrumbList","@id":"https:\/\/alumniunige.ch\/en\/festival-explorer-demain\/#breadcrumb","itemListElement":[{"@type":"ListItem","position":1,"name":"Startseite","item":"https:\/\/alumniunige.ch\/en\/"},{"@type":"ListItem","position":2,"name":"Festival &#8220;Explorer demain&#8221;"}]},{"@type":"WebSite","@id":"https:\/\/alumniunige.ch\/#website","url":"https:\/\/alumniunige.ch\/","name":"ALUMNI - UNIGE","description":"Universit\u00e9 de Gen\u00e8ve","potentialAction":[{"@type":"SearchAction","target":{"@type":"EntryPoint","urlTemplate":"https:\/\/alumniunige.ch\/?s={search_term_string}"},"query-input":{"@type":"PropertyValueSpecification","valueRequired":true,"valueName":"search_term_string"}}],"inLanguage":"en-US"},{"@type":"Person","@id":"https:\/\/alumniunige.ch\/#\/schema\/person\/7b36591277922527cb7e723b9c3d4627","name":"website.integration","image":{"@type":"ImageObject","inLanguage":"en-US","@id":"https:\/\/secure.gravatar.com\/avatar\/a41cf11cca3cc95e198870ccc5040570d1bf056b2402fe8f0a59c2a326845955?s=96&d=mm&r=g","url":"https:\/\/secure.gravatar.com\/avatar\/a41cf11cca3cc95e198870ccc5040570d1bf056b2402fe8f0a59c2a326845955?s=96&d=mm&r=g","contentUrl":"https:\/\/secure.gravatar.com\/avatar\/a41cf11cca3cc95e198870ccc5040570d1bf056b2402fe8f0a59c2a326845955?s=96&d=mm&r=g","caption":"website.integration"},"url":"https:\/\/alumniunige.ch\/en\/author\/website-integration\/"}]}},"_links":{"self":[{"href":"https:\/\/alumniunige.ch\/en\/wp-json\/wp\/v2\/posts\/163684","targetHints":{"allow":["GET"]}}],"collection":[{"href":"https:\/\/alumniunige.ch\/en\/wp-json\/wp\/v2\/posts"}],"about":[{"href":"https:\/\/alumniunige.ch\/en\/wp-json\/wp\/v2\/types\/post"}],"author":[{"embeddable":true,"href":"https:\/\/alumniunige.ch\/en\/wp-json\/wp\/v2\/users\/8"}],"replies":[{"embeddable":true,"href":"https:\/\/alumniunige.ch\/en\/wp-json\/wp\/v2\/comments?post=163684"}],"version-history":[{"count":1,"href":"https:\/\/alumniunige.ch\/en\/wp-json\/wp\/v2\/posts\/163684\/revisions"}],"predecessor-version":[{"id":163694,"href":"https:\/\/alumniunige.ch\/en\/wp-json\/wp\/v2\/posts\/163684\/revisions\/163694"}],"wp:featuredmedia":[{"embeddable":true,"href":"https:\/\/alumniunige.ch\/en\/wp-json\/wp\/v2\/media\/163682"}],"wp:attachment":[{"href":"https:\/\/alumniunige.ch\/en\/wp-json\/wp\/v2\/media?parent=163684"}],"wp:term":[{"taxonomy":"category","embeddable":true,"href":"https:\/\/alumniunige.ch\/en\/wp-json\/wp\/v2\/categories?post=163684"},{"taxonomy":"post_tag","embeddable":true,"href":"https:\/\/alumniunige.ch\/en\/wp-json\/wp\/v2\/tags?post=163684"}],"curies":[{"name":"wp","href":"https:\/\/api.w.org\/{rel}","templated":true}]}}