{"id":163680,"date":"2026-04-27T14:00:36","date_gmt":"2026-04-27T12:00:36","guid":{"rendered":"https:\/\/alumniunige.ch\/predicteurs-du-vieillissement-cognitif-conferences-et-discussions\/"},"modified":"2026-04-27T17:01:04","modified_gmt":"2026-04-27T15:01:04","slug":"predicteurs-du-vieillissement-cognitif-conferences-et-discussions","status":"publish","type":"post","link":"https:\/\/alumniunige.ch\/en\/predicteurs-du-vieillissement-cognitif-conferences-et-discussions\/","title":{"rendered":"Pr\u00e9dicteurs du vieillissement cognitif: Conf\u00e9rences et discussions"},"content":{"rendered":"<p>De: jeudi 30 avril 2026 18:30 \u00e0 jeudi 30 avril 2026 20:30<\/br><\/p>\n<p>Cette soir\u00e9e explorera les facteurs sociaux, relationnels et psychologiques qui influencent le fonctionnement cognitif au fil de l\u2019\u00e2ge. Elle s\u2019articulera autour de trois pr\u00e9sentations propos\u00e9es par <strong>Charikleia Lampraki<\/strong> (UNIGE\/UNIL), <strong>Adriana Rostekova<\/strong> (UNIGE) et <strong>Hans-Peter Graf<\/strong> (Fondation pour la formation des a\u00een\u00e9es et a\u00een\u00e9s de Gen\u00e8ve), avant de se conclure par un temps d\u2019\u00e9change entre le public et les expert-es.<strong>\u00a0<\/strong><\/p>\n<p><strong><a class=\"iw-rte-link-inline\" href=\"https:\/\/agenda.unige.ch\/events\/view\/45655\" target=\"_blank\" rel=\"noreferrer noopener\">Plus d&#8217;infos<\/a><\/strong><\/p>\n<p><\/br><\/br>Lieu: \u00a0B\u00e2timent 66 bd Carl-Vogt, Salle 1 (rdc)<\/br><\/br>Lien GoogleMap: <a href=\"https:\/\/share.google\/5r8ltSyp0P16P1NdO\"> Voir<\/a><\/br><\/br><!--more--><\/br><\/br>S&#8217;inscrire \u00e0 cet \u00e9v\u00e9nement <a href=\"https:\/\/alumniunige.ch\/portal\/index.php?redirect=MTc2YTY1OWFiMzM3Njc5NTliYTljNThlPHso%2BrXFc5Y6PNKBQDdoiToKlNGt2m6voCmPccjzbHsL3k7LB0XJ2zsFK0bSnHsSaKPK35p1O06A\">sur notre plate-forme<\/a>. <\/br><\/br>Pas encore inscrit ? <a href=\"https:\/\/alumniunige.ch\/association\/#devenir-membre\">Devenez membre d\u2019Alumni UNIGE<\/a>.<\/p>\n","protected":false},"excerpt":{"rendered":"<p>De: jeudi 30 avril 2026 18:30 \u00e0 jeudi 30 avril 2026 20:30<\/br><\/br><\/p>\n<p>Cette soir\u00e9e explorera les facteurs sociaux, relationnels et psychologiques qui influencent le fonctionnement cognitif au fil de l\u2019\u00e2ge. Elle s\u2019articulera autour de trois pr\u00e9sentations propos\u00e9es par <strong>Charikleia Lampraki<\/strong> (UNIGE\/UNIL), <strong>Adriana Rostekova<\/strong> (UNIGE) et <strong>Hans-Peter Graf<\/strong> (Fondation pour la formation des a\u00een\u00e9es et a\u00een\u00e9s de Gen\u00e8ve), avant de se conclure par un temps d\u2019\u00e9change entre le public et les expert-es.<strong>\u00a0<\/strong><\/p>\n<p><strong><a class=\"iw-rte-link-inline\" href=\"https:\/\/agenda.unige.ch\/events\/view\/45655\" target=\"_blank\" rel=\"noreferrer noopener\">Plus d&#8217;infos<\/a><\/strong><\/p>\n<p><\/br><\/br>Lieu: \u00a0B\u00e2timent 66 bd Carl-Vogt, Salle 1 (rdc)<\/br><\/br>Lien GoogleMap: <a href=\"https:\/\/share.google\/5r8ltSyp0P16P1NdO\"> Voir<\/a><\/p>\n","protected":false},"author":8,"featured_media":163678,"comment_status":"closed","ping_status":"closed","sticky":false,"template":"","format":"standard","meta":{"_acf_changed":false,"footnotes":""},"categories":[64],"tags":[],"class_list":["post-163680","post","type-post","status-publish","format-standard","has-post-thumbnail","hentry","category-unige-events-en"],"acf":{"peoplepath_id":"1616"},"yoast_head":"<!-- This site is optimized with the Yoast SEO plugin v27.4 - https:\/\/yoast.com\/product\/yoast-seo-wordpress\/ -->\n<title>Pr\u00e9dicteurs du vieillissement cognitif: Conf\u00e9rences et discussions - ALUMNI - UNIGE<\/title>\n<meta name=\"robots\" content=\"index, follow, max-snippet:-1, max-image-preview:large, max-video-preview:-1\" \/>\n<link rel=\"canonical\" href=\"https:\/\/alumniunige.ch\/en\/predicteurs-du-vieillissement-cognitif-conferences-et-discussions\/\" \/>\n<meta property=\"og:locale\" content=\"en_US\" \/>\n<meta property=\"og:type\" content=\"article\" \/>\n<meta property=\"og:title\" content=\"Pr\u00e9dicteurs du vieillissement cognitif: Conf\u00e9rences et discussions - ALUMNI - UNIGE\" \/>\n<meta property=\"og:description\" content=\"De: jeudi 30 avril 2026 18:30 \u00e0 jeudi 30 avril 2026 20:30Cette soir\u00e9e explorera les facteurs sociaux, relationnels et psychologiques qui influencent le fonctionnement cognitif au fil de l\u2019\u00e2ge. Elle s\u2019articulera autour de trois pr\u00e9sentations propos\u00e9es par Charikleia Lampraki (UNIGE\/UNIL), Adriana Rostekova (UNIGE) et Hans-Peter Graf (Fondation pour la formation des a\u00een\u00e9es et a\u00een\u00e9s de Gen\u00e8ve), avant de se conclure par un temps d\u2019\u00e9change entre le public et les expert-es.\u00a0Plus d&#039;infosLieu: \u00a0B\u00e2timent 66 bd Carl-Vogt, Salle 1 (rdc)Lien GoogleMap: Voir\" \/>\n<meta property=\"og:url\" content=\"https:\/\/alumniunige.ch\/en\/predicteurs-du-vieillissement-cognitif-conferences-et-discussions\/\" \/>\n<meta property=\"og:site_name\" content=\"ALUMNI - UNIGE\" \/>\n<meta property=\"article:published_time\" content=\"2026-04-27T12:00:36+00:00\" \/>\n<meta property=\"article:modified_time\" content=\"2026-04-27T15:01:04+00:00\" \/>\n<meta property=\"og:image\" content=\"https:\/\/alumniunige.ch\/wp-content\/uploads\/2026\/04\/events_1616.jpg\" \/>\n\t<meta property=\"og:image:width\" content=\"750\" \/>\n\t<meta property=\"og:image:height\" content=\"560\" \/>\n\t<meta property=\"og:image:type\" content=\"image\/jpeg\" \/>\n<meta name=\"author\" content=\"website.integration\" \/>\n<meta name=\"twitter:card\" content=\"summary_large_image\" \/>\n<meta name=\"twitter:label1\" content=\"Written by\" \/>\n\t<meta name=\"twitter:data1\" content=\"website.integration\" \/>\n\t<meta name=\"twitter:label2\" content=\"Est. reading time\" \/>\n\t<meta name=\"twitter:data2\" content=\"1 minute\" \/>\n<script type=\"application\/ld+json\" class=\"yoast-schema-graph\">{\"@context\":\"https:\\\/\\\/schema.org\",\"@graph\":[{\"@type\":\"Article\",\"@id\":\"https:\\\/\\\/alumniunige.ch\\\/en\\\/predicteurs-du-vieillissement-cognitif-conferences-et-discussions\\\/#article\",\"isPartOf\":{\"@id\":\"https:\\\/\\\/alumniunige.ch\\\/en\\\/predicteurs-du-vieillissement-cognitif-conferences-et-discussions\\\/\"},\"author\":{\"name\":\"website.integration\",\"@id\":\"https:\\\/\\\/alumniunige.ch\\\/#\\\/schema\\\/person\\\/7b36591277922527cb7e723b9c3d4627\"},\"headline\":\"Pr\u00e9dicteurs du vieillissement cognitif: Conf\u00e9rences et discussions\",\"datePublished\":\"2026-04-27T12:00:36+00:00\",\"dateModified\":\"2026-04-27T15:01:04+00:00\",\"mainEntityOfPage\":{\"@id\":\"https:\\\/\\\/alumniunige.ch\\\/en\\\/predicteurs-du-vieillissement-cognitif-conferences-et-discussions\\\/\"},\"wordCount\":112,\"image\":{\"@id\":\"https:\\\/\\\/alumniunige.ch\\\/en\\\/predicteurs-du-vieillissement-cognitif-conferences-et-discussions\\\/#primaryimage\"},\"thumbnailUrl\":\"https:\\\/\\\/alumniunige.ch\\\/wp-content\\\/uploads\\\/2026\\\/04\\\/events_1616.jpg\",\"articleSection\":[\"EVENTS\"],\"inLanguage\":\"en-US\"},{\"@type\":\"WebPage\",\"@id\":\"https:\\\/\\\/alumniunige.ch\\\/en\\\/predicteurs-du-vieillissement-cognitif-conferences-et-discussions\\\/\",\"url\":\"https:\\\/\\\/alumniunige.ch\\\/en\\\/predicteurs-du-vieillissement-cognitif-conferences-et-discussions\\\/\",\"name\":\"Pr\u00e9dicteurs du vieillissement cognitif: Conf\u00e9rences et discussions - ALUMNI - UNIGE\",\"isPartOf\":{\"@id\":\"https:\\\/\\\/alumniunige.ch\\\/#website\"},\"primaryImageOfPage\":{\"@id\":\"https:\\\/\\\/alumniunige.ch\\\/en\\\/predicteurs-du-vieillissement-cognitif-conferences-et-discussions\\\/#primaryimage\"},\"image\":{\"@id\":\"https:\\\/\\\/alumniunige.ch\\\/en\\\/predicteurs-du-vieillissement-cognitif-conferences-et-discussions\\\/#primaryimage\"},\"thumbnailUrl\":\"https:\\\/\\\/alumniunige.ch\\\/wp-content\\\/uploads\\\/2026\\\/04\\\/events_1616.jpg\",\"datePublished\":\"2026-04-27T12:00:36+00:00\",\"dateModified\":\"2026-04-27T15:01:04+00:00\",\"author\":{\"@id\":\"https:\\\/\\\/alumniunige.ch\\\/#\\\/schema\\\/person\\\/7b36591277922527cb7e723b9c3d4627\"},\"breadcrumb\":{\"@id\":\"https:\\\/\\\/alumniunige.ch\\\/en\\\/predicteurs-du-vieillissement-cognitif-conferences-et-discussions\\\/#breadcrumb\"},\"inLanguage\":\"en-US\",\"potentialAction\":[{\"@type\":\"ReadAction\",\"target\":[\"https:\\\/\\\/alumniunige.ch\\\/en\\\/predicteurs-du-vieillissement-cognitif-conferences-et-discussions\\\/\"]}]},{\"@type\":\"ImageObject\",\"inLanguage\":\"en-US\",\"@id\":\"https:\\\/\\\/alumniunige.ch\\\/en\\\/predicteurs-du-vieillissement-cognitif-conferences-et-discussions\\\/#primaryimage\",\"url\":\"https:\\\/\\\/alumniunige.ch\\\/wp-content\\\/uploads\\\/2026\\\/04\\\/events_1616.jpg\",\"contentUrl\":\"https:\\\/\\\/alumniunige.ch\\\/wp-content\\\/uploads\\\/2026\\\/04\\\/events_1616.jpg\",\"width\":750,\"height\":560},{\"@type\":\"BreadcrumbList\",\"@id\":\"https:\\\/\\\/alumniunige.ch\\\/en\\\/predicteurs-du-vieillissement-cognitif-conferences-et-discussions\\\/#breadcrumb\",\"itemListElement\":[{\"@type\":\"ListItem\",\"position\":1,\"name\":\"Startseite\",\"item\":\"https:\\\/\\\/alumniunige.ch\\\/en\\\/\"},{\"@type\":\"ListItem\",\"position\":2,\"name\":\"Pr\u00e9dicteurs du vieillissement cognitif: Conf\u00e9rences et discussions\"}]},{\"@type\":\"WebSite\",\"@id\":\"https:\\\/\\\/alumniunige.ch\\\/#website\",\"url\":\"https:\\\/\\\/alumniunige.ch\\\/\",\"name\":\"ALUMNI - UNIGE\",\"description\":\"Universit\u00e9 de Gen\u00e8ve\",\"potentialAction\":[{\"@type\":\"SearchAction\",\"target\":{\"@type\":\"EntryPoint\",\"urlTemplate\":\"https:\\\/\\\/alumniunige.ch\\\/?s={search_term_string}\"},\"query-input\":{\"@type\":\"PropertyValueSpecification\",\"valueRequired\":true,\"valueName\":\"search_term_string\"}}],\"inLanguage\":\"en-US\"},{\"@type\":\"Person\",\"@id\":\"https:\\\/\\\/alumniunige.ch\\\/#\\\/schema\\\/person\\\/7b36591277922527cb7e723b9c3d4627\",\"name\":\"website.integration\",\"image\":{\"@type\":\"ImageObject\",\"inLanguage\":\"en-US\",\"@id\":\"https:\\\/\\\/secure.gravatar.com\\\/avatar\\\/a41cf11cca3cc95e198870ccc5040570d1bf056b2402fe8f0a59c2a326845955?s=96&d=mm&r=g\",\"url\":\"https:\\\/\\\/secure.gravatar.com\\\/avatar\\\/a41cf11cca3cc95e198870ccc5040570d1bf056b2402fe8f0a59c2a326845955?s=96&d=mm&r=g\",\"contentUrl\":\"https:\\\/\\\/secure.gravatar.com\\\/avatar\\\/a41cf11cca3cc95e198870ccc5040570d1bf056b2402fe8f0a59c2a326845955?s=96&d=mm&r=g\",\"caption\":\"website.integration\"},\"url\":\"https:\\\/\\\/alumniunige.ch\\\/en\\\/author\\\/website-integration\\\/\"}]}<\/script>\n<!-- \/ Yoast SEO plugin. -->","yoast_head_json":{"title":"Pr\u00e9dicteurs du vieillissement cognitif: Conf\u00e9rences et discussions - ALUMNI - UNIGE","robots":{"index":"index","follow":"follow","max-snippet":"max-snippet:-1","max-image-preview":"max-image-preview:large","max-video-preview":"max-video-preview:-1"},"canonical":"https:\/\/alumniunige.ch\/en\/predicteurs-du-vieillissement-cognitif-conferences-et-discussions\/","og_locale":"en_US","og_type":"article","og_title":"Pr\u00e9dicteurs du vieillissement cognitif: Conf\u00e9rences et discussions - ALUMNI - UNIGE","og_description":"De: jeudi 30 avril 2026 18:30 \u00e0 jeudi 30 avril 2026 20:30Cette soir\u00e9e explorera les facteurs sociaux, relationnels et psychologiques qui influencent le fonctionnement cognitif au fil de l\u2019\u00e2ge. Elle s\u2019articulera autour de trois pr\u00e9sentations propos\u00e9es par Charikleia Lampraki (UNIGE\/UNIL), Adriana Rostekova (UNIGE) et Hans-Peter Graf (Fondation pour la formation des a\u00een\u00e9es et a\u00een\u00e9s de Gen\u00e8ve), avant de se conclure par un temps d\u2019\u00e9change entre le public et les expert-es.\u00a0Plus d'infosLieu: \u00a0B\u00e2timent 66 bd Carl-Vogt, Salle 1 (rdc)Lien GoogleMap: Voir","og_url":"https:\/\/alumniunige.ch\/en\/predicteurs-du-vieillissement-cognitif-conferences-et-discussions\/","og_site_name":"ALUMNI - UNIGE","article_published_time":"2026-04-27T12:00:36+00:00","article_modified_time":"2026-04-27T15:01:04+00:00","og_image":[{"width":750,"height":560,"url":"https:\/\/alumniunige.ch\/wp-content\/uploads\/2026\/04\/events_1616.jpg","type":"image\/jpeg"}],"author":"website.integration","twitter_card":"summary_large_image","twitter_misc":{"Written by":"website.integration","Est. reading time":"1 minute"},"schema":{"@context":"https:\/\/schema.org","@graph":[{"@type":"Article","@id":"https:\/\/alumniunige.ch\/en\/predicteurs-du-vieillissement-cognitif-conferences-et-discussions\/#article","isPartOf":{"@id":"https:\/\/alumniunige.ch\/en\/predicteurs-du-vieillissement-cognitif-conferences-et-discussions\/"},"author":{"name":"website.integration","@id":"https:\/\/alumniunige.ch\/#\/schema\/person\/7b36591277922527cb7e723b9c3d4627"},"headline":"Pr\u00e9dicteurs du vieillissement cognitif: Conf\u00e9rences et discussions","datePublished":"2026-04-27T12:00:36+00:00","dateModified":"2026-04-27T15:01:04+00:00","mainEntityOfPage":{"@id":"https:\/\/alumniunige.ch\/en\/predicteurs-du-vieillissement-cognitif-conferences-et-discussions\/"},"wordCount":112,"image":{"@id":"https:\/\/alumniunige.ch\/en\/predicteurs-du-vieillissement-cognitif-conferences-et-discussions\/#primaryimage"},"thumbnailUrl":"https:\/\/alumniunige.ch\/wp-content\/uploads\/2026\/04\/events_1616.jpg","articleSection":["EVENTS"],"inLanguage":"en-US"},{"@type":"WebPage","@id":"https:\/\/alumniunige.ch\/en\/predicteurs-du-vieillissement-cognitif-conferences-et-discussions\/","url":"https:\/\/alumniunige.ch\/en\/predicteurs-du-vieillissement-cognitif-conferences-et-discussions\/","name":"Pr\u00e9dicteurs du vieillissement cognitif: Conf\u00e9rences et discussions - ALUMNI - UNIGE","isPartOf":{"@id":"https:\/\/alumniunige.ch\/#website"},"primaryImageOfPage":{"@id":"https:\/\/alumniunige.ch\/en\/predicteurs-du-vieillissement-cognitif-conferences-et-discussions\/#primaryimage"},"image":{"@id":"https:\/\/alumniunige.ch\/en\/predicteurs-du-vieillissement-cognitif-conferences-et-discussions\/#primaryimage"},"thumbnailUrl":"https:\/\/alumniunige.ch\/wp-content\/uploads\/2026\/04\/events_1616.jpg","datePublished":"2026-04-27T12:00:36+00:00","dateModified":"2026-04-27T15:01:04+00:00","author":{"@id":"https:\/\/alumniunige.ch\/#\/schema\/person\/7b36591277922527cb7e723b9c3d4627"},"breadcrumb":{"@id":"https:\/\/alumniunige.ch\/en\/predicteurs-du-vieillissement-cognitif-conferences-et-discussions\/#breadcrumb"},"inLanguage":"en-US","potentialAction":[{"@type":"ReadAction","target":["https:\/\/alumniunige.ch\/en\/predicteurs-du-vieillissement-cognitif-conferences-et-discussions\/"]}]},{"@type":"ImageObject","inLanguage":"en-US","@id":"https:\/\/alumniunige.ch\/en\/predicteurs-du-vieillissement-cognitif-conferences-et-discussions\/#primaryimage","url":"https:\/\/alumniunige.ch\/wp-content\/uploads\/2026\/04\/events_1616.jpg","contentUrl":"https:\/\/alumniunige.ch\/wp-content\/uploads\/2026\/04\/events_1616.jpg","width":750,"height":560},{"@type":"BreadcrumbList","@id":"https:\/\/alumniunige.ch\/en\/predicteurs-du-vieillissement-cognitif-conferences-et-discussions\/#breadcrumb","itemListElement":[{"@type":"ListItem","position":1,"name":"Startseite","item":"https:\/\/alumniunige.ch\/en\/"},{"@type":"ListItem","position":2,"name":"Pr\u00e9dicteurs du vieillissement cognitif: Conf\u00e9rences et discussions"}]},{"@type":"WebSite","@id":"https:\/\/alumniunige.ch\/#website","url":"https:\/\/alumniunige.ch\/","name":"ALUMNI - UNIGE","description":"Universit\u00e9 de Gen\u00e8ve","potentialAction":[{"@type":"SearchAction","target":{"@type":"EntryPoint","urlTemplate":"https:\/\/alumniunige.ch\/?s={search_term_string}"},"query-input":{"@type":"PropertyValueSpecification","valueRequired":true,"valueName":"search_term_string"}}],"inLanguage":"en-US"},{"@type":"Person","@id":"https:\/\/alumniunige.ch\/#\/schema\/person\/7b36591277922527cb7e723b9c3d4627","name":"website.integration","image":{"@type":"ImageObject","inLanguage":"en-US","@id":"https:\/\/secure.gravatar.com\/avatar\/a41cf11cca3cc95e198870ccc5040570d1bf056b2402fe8f0a59c2a326845955?s=96&d=mm&r=g","url":"https:\/\/secure.gravatar.com\/avatar\/a41cf11cca3cc95e198870ccc5040570d1bf056b2402fe8f0a59c2a326845955?s=96&d=mm&r=g","contentUrl":"https:\/\/secure.gravatar.com\/avatar\/a41cf11cca3cc95e198870ccc5040570d1bf056b2402fe8f0a59c2a326845955?s=96&d=mm&r=g","caption":"website.integration"},"url":"https:\/\/alumniunige.ch\/en\/author\/website-integration\/"}]}},"_links":{"self":[{"href":"https:\/\/alumniunige.ch\/en\/wp-json\/wp\/v2\/posts\/163680","targetHints":{"allow":["GET"]}}],"collection":[{"href":"https:\/\/alumniunige.ch\/en\/wp-json\/wp\/v2\/posts"}],"about":[{"href":"https:\/\/alumniunige.ch\/en\/wp-json\/wp\/v2\/types\/post"}],"author":[{"embeddable":true,"href":"https:\/\/alumniunige.ch\/en\/wp-json\/wp\/v2\/users\/8"}],"replies":[{"embeddable":true,"href":"https:\/\/alumniunige.ch\/en\/wp-json\/wp\/v2\/comments?post=163680"}],"version-history":[{"count":1,"href":"https:\/\/alumniunige.ch\/en\/wp-json\/wp\/v2\/posts\/163680\/revisions"}],"predecessor-version":[{"id":163690,"href":"https:\/\/alumniunige.ch\/en\/wp-json\/wp\/v2\/posts\/163680\/revisions\/163690"}],"wp:featuredmedia":[{"embeddable":true,"href":"https:\/\/alumniunige.ch\/en\/wp-json\/wp\/v2\/media\/163678"}],"wp:attachment":[{"href":"https:\/\/alumniunige.ch\/en\/wp-json\/wp\/v2\/media?parent=163680"}],"wp:term":[{"taxonomy":"category","embeddable":true,"href":"https:\/\/alumniunige.ch\/en\/wp-json\/wp\/v2\/categories?post=163680"},{"taxonomy":"post_tag","embeddable":true,"href":"https:\/\/alumniunige.ch\/en\/wp-json\/wp\/v2\/tags?post=163680"}],"curies":[{"name":"wp","href":"https:\/\/api.w.org\/{rel}","templated":true}]}}