{"id":163676,"date":"2026-04-27T14:00:34","date_gmt":"2026-04-27T12:00:34","guid":{"rendered":"https:\/\/alumniunige.ch\/temoins-de-guerre-rencontre\/"},"modified":"2026-04-27T17:01:05","modified_gmt":"2026-04-27T15:01:05","slug":"temoins-de-guerre-rencontre","status":"publish","type":"post","link":"https:\/\/alumniunige.ch\/en\/temoins-de-guerre-rencontre\/","title":{"rendered":"&#8220;T\u00e9moins de guerre&#8221;: rencontre"},"content":{"rendered":"<p>De: jeudi 30 avril 2026 18:30 \u00e0 jeudi 30 avril 2026 20:00<\/br><\/p>\n<p>Rencontre avec <strong>Sylvie Lindeperg<\/strong> (Paris 1 Panth\u00e9on-Sorbonne) et <strong>Maurine Mercier<\/strong> (RTS)<\/p>\n<p>Entre reportage, propagande et fiction, les r\u00e9cits de guerre fa\u00e7onnent le sens des conflits. Comment documenter, transmettre et restituer ces m\u00e9moires multiples? La Haute \u00e9cole de musique offrira un accueil musical d\u00e8s 18h.<\/p>\n<p><strong><a class=\"iw-rte-link-inline\" href=\"https:\/\/www.unige.ch\/rectorat\/maison-histoire\/actualites\/temoins-de-guerre\" target=\"_blank\" rel=\"noreferrer noopener\">Plus d&#8217;infos<\/a><\/strong><\/p>\n<p><\/br><\/br>Lieu: \u00a0Les D\u00e9lices, Rue des D\u00e9lices, 25<\/br><\/br>Lien GoogleMap: <a href=\"https:\/\/maps.app.goo.gl\/EzmTyDrnXtoLuxSi9\"> Voir<\/a><\/br><\/br><!--more--><\/br><\/br>S&#8217;inscrire \u00e0 cet \u00e9v\u00e9nement <a href=\"https:\/\/alumniunige.ch\/portal\/index.php?redirect=MTgyNzQ5MTAzYmFmZTEwMDRiYzZmYTUwT%2FwywY1bgCvIYsddqQN8TvyBhXWNn86aZymHWcWwStrfTfIPdN7X5LkpntN6iNMGvRUegLFNMS%2FR\">sur notre plate-forme<\/a>. <\/br><\/br>Pas encore inscrit ? <a href=\"https:\/\/alumniunige.ch\/association\/#devenir-membre\">Devenez membre d\u2019Alumni UNIGE<\/a>.<\/p>\n","protected":false},"excerpt":{"rendered":"<p>De: jeudi 30 avril 2026 18:30 \u00e0 jeudi 30 avril 2026 20:00<\/br><\/br><\/p>\n<p>Rencontre avec <strong>Sylvie Lindeperg<\/strong> (Paris 1 Panth\u00e9on-Sorbonne) et <strong>Maurine Mercier<\/strong> (RTS)<\/p>\n<p>Entre reportage, propagande et fiction, les r\u00e9cits de guerre fa\u00e7onnent le sens des conflits. Comment documenter, transmettre et restituer ces m\u00e9moires multiples? La Haute \u00e9cole de musique offrira un accueil musical d\u00e8s 18h.<\/p>\n<p><strong><a class=\"iw-rte-link-inline\" href=\"https:\/\/www.unige.ch\/rectorat\/maison-histoire\/actualites\/temoins-de-guerre\" target=\"_blank\" rel=\"noreferrer noopener\">Plus d&#8217;infos<\/a><\/strong><\/p>\n<p><\/br><\/br>Lieu: \u00a0Les D\u00e9lices, Rue des D\u00e9lices, 25<\/br><\/br>Lien GoogleMap: <a href=\"https:\/\/maps.app.goo.gl\/EzmTyDrnXtoLuxSi9\"> Voir<\/a><\/p>\n","protected":false},"author":8,"featured_media":163674,"comment_status":"closed","ping_status":"closed","sticky":false,"template":"","format":"standard","meta":{"_acf_changed":false,"footnotes":""},"categories":[64],"tags":[],"class_list":["post-163676","post","type-post","status-publish","format-standard","has-post-thumbnail","hentry","category-unige-events-en"],"acf":{"peoplepath_id":"1615"},"yoast_head":"<!-- This site is optimized with the Yoast SEO plugin v27.4 - https:\/\/yoast.com\/product\/yoast-seo-wordpress\/ -->\n<title>&quot;T\u00e9moins de guerre&quot;: rencontre - ALUMNI - UNIGE<\/title>\n<meta name=\"robots\" content=\"index, follow, max-snippet:-1, max-image-preview:large, max-video-preview:-1\" \/>\n<link rel=\"canonical\" href=\"https:\/\/alumniunige.ch\/en\/temoins-de-guerre-rencontre\/\" \/>\n<meta property=\"og:locale\" content=\"en_US\" \/>\n<meta property=\"og:type\" content=\"article\" \/>\n<meta property=\"og:title\" content=\"&quot;T\u00e9moins de guerre&quot;: rencontre - ALUMNI - UNIGE\" \/>\n<meta property=\"og:description\" content=\"De: jeudi 30 avril 2026 18:30 \u00e0 jeudi 30 avril 2026 20:00Rencontre avec Sylvie Lindeperg (Paris 1 Panth\u00e9on-Sorbonne) et Maurine Mercier (RTS)Entre reportage, propagande et fiction, les r\u00e9cits de guerre fa\u00e7onnent le sens des conflits. Comment documenter, transmettre et restituer ces m\u00e9moires multiples? La Haute \u00e9cole de musique offrira un accueil musical d\u00e8s 18h.Plus d&#039;infosLieu: \u00a0Les D\u00e9lices, Rue des D\u00e9lices, 25Lien GoogleMap: Voir\" \/>\n<meta property=\"og:url\" content=\"https:\/\/alumniunige.ch\/en\/temoins-de-guerre-rencontre\/\" \/>\n<meta property=\"og:site_name\" content=\"ALUMNI - UNIGE\" \/>\n<meta property=\"article:published_time\" content=\"2026-04-27T12:00:34+00:00\" \/>\n<meta property=\"article:modified_time\" content=\"2026-04-27T15:01:05+00:00\" \/>\n<meta property=\"og:image\" content=\"https:\/\/alumniunige.ch\/wp-content\/uploads\/2026\/04\/events_1615.png\" \/>\n\t<meta property=\"og:image:width\" content=\"1140\" \/>\n\t<meta property=\"og:image:height\" content=\"855\" \/>\n\t<meta property=\"og:image:type\" content=\"image\/png\" \/>\n<meta name=\"author\" content=\"website.integration\" \/>\n<meta name=\"twitter:card\" content=\"summary_large_image\" \/>\n<meta name=\"twitter:label1\" content=\"Written by\" \/>\n\t<meta name=\"twitter:data1\" content=\"website.integration\" \/>\n<script type=\"application\/ld+json\" class=\"yoast-schema-graph\">{\"@context\":\"https:\\\/\\\/schema.org\",\"@graph\":[{\"@type\":\"Article\",\"@id\":\"https:\\\/\\\/alumniunige.ch\\\/en\\\/temoins-de-guerre-rencontre\\\/#article\",\"isPartOf\":{\"@id\":\"https:\\\/\\\/alumniunige.ch\\\/en\\\/temoins-de-guerre-rencontre\\\/\"},\"author\":{\"name\":\"website.integration\",\"@id\":\"https:\\\/\\\/alumniunige.ch\\\/#\\\/schema\\\/person\\\/7b36591277922527cb7e723b9c3d4627\"},\"headline\":\"&#8220;T\u00e9moins de guerre&#8221;: rencontre\",\"datePublished\":\"2026-04-27T12:00:34+00:00\",\"dateModified\":\"2026-04-27T15:01:05+00:00\",\"mainEntityOfPage\":{\"@id\":\"https:\\\/\\\/alumniunige.ch\\\/en\\\/temoins-de-guerre-rencontre\\\/\"},\"wordCount\":86,\"image\":{\"@id\":\"https:\\\/\\\/alumniunige.ch\\\/en\\\/temoins-de-guerre-rencontre\\\/#primaryimage\"},\"thumbnailUrl\":\"https:\\\/\\\/alumniunige.ch\\\/wp-content\\\/uploads\\\/2026\\\/04\\\/events_1615.png\",\"articleSection\":[\"EVENTS\"],\"inLanguage\":\"en-US\"},{\"@type\":\"WebPage\",\"@id\":\"https:\\\/\\\/alumniunige.ch\\\/en\\\/temoins-de-guerre-rencontre\\\/\",\"url\":\"https:\\\/\\\/alumniunige.ch\\\/en\\\/temoins-de-guerre-rencontre\\\/\",\"name\":\"\\\"T\u00e9moins de guerre\\\": rencontre - ALUMNI - UNIGE\",\"isPartOf\":{\"@id\":\"https:\\\/\\\/alumniunige.ch\\\/#website\"},\"primaryImageOfPage\":{\"@id\":\"https:\\\/\\\/alumniunige.ch\\\/en\\\/temoins-de-guerre-rencontre\\\/#primaryimage\"},\"image\":{\"@id\":\"https:\\\/\\\/alumniunige.ch\\\/en\\\/temoins-de-guerre-rencontre\\\/#primaryimage\"},\"thumbnailUrl\":\"https:\\\/\\\/alumniunige.ch\\\/wp-content\\\/uploads\\\/2026\\\/04\\\/events_1615.png\",\"datePublished\":\"2026-04-27T12:00:34+00:00\",\"dateModified\":\"2026-04-27T15:01:05+00:00\",\"author\":{\"@id\":\"https:\\\/\\\/alumniunige.ch\\\/#\\\/schema\\\/person\\\/7b36591277922527cb7e723b9c3d4627\"},\"breadcrumb\":{\"@id\":\"https:\\\/\\\/alumniunige.ch\\\/en\\\/temoins-de-guerre-rencontre\\\/#breadcrumb\"},\"inLanguage\":\"en-US\",\"potentialAction\":[{\"@type\":\"ReadAction\",\"target\":[\"https:\\\/\\\/alumniunige.ch\\\/en\\\/temoins-de-guerre-rencontre\\\/\"]}]},{\"@type\":\"ImageObject\",\"inLanguage\":\"en-US\",\"@id\":\"https:\\\/\\\/alumniunige.ch\\\/en\\\/temoins-de-guerre-rencontre\\\/#primaryimage\",\"url\":\"https:\\\/\\\/alumniunige.ch\\\/wp-content\\\/uploads\\\/2026\\\/04\\\/events_1615.png\",\"contentUrl\":\"https:\\\/\\\/alumniunige.ch\\\/wp-content\\\/uploads\\\/2026\\\/04\\\/events_1615.png\",\"width\":1140,\"height\":855},{\"@type\":\"BreadcrumbList\",\"@id\":\"https:\\\/\\\/alumniunige.ch\\\/en\\\/temoins-de-guerre-rencontre\\\/#breadcrumb\",\"itemListElement\":[{\"@type\":\"ListItem\",\"position\":1,\"name\":\"Startseite\",\"item\":\"https:\\\/\\\/alumniunige.ch\\\/en\\\/\"},{\"@type\":\"ListItem\",\"position\":2,\"name\":\"&#8220;T\u00e9moins de guerre&#8221;: rencontre\"}]},{\"@type\":\"WebSite\",\"@id\":\"https:\\\/\\\/alumniunige.ch\\\/#website\",\"url\":\"https:\\\/\\\/alumniunige.ch\\\/\",\"name\":\"ALUMNI - UNIGE\",\"description\":\"Universit\u00e9 de Gen\u00e8ve\",\"potentialAction\":[{\"@type\":\"SearchAction\",\"target\":{\"@type\":\"EntryPoint\",\"urlTemplate\":\"https:\\\/\\\/alumniunige.ch\\\/?s={search_term_string}\"},\"query-input\":{\"@type\":\"PropertyValueSpecification\",\"valueRequired\":true,\"valueName\":\"search_term_string\"}}],\"inLanguage\":\"en-US\"},{\"@type\":\"Person\",\"@id\":\"https:\\\/\\\/alumniunige.ch\\\/#\\\/schema\\\/person\\\/7b36591277922527cb7e723b9c3d4627\",\"name\":\"website.integration\",\"image\":{\"@type\":\"ImageObject\",\"inLanguage\":\"en-US\",\"@id\":\"https:\\\/\\\/secure.gravatar.com\\\/avatar\\\/a41cf11cca3cc95e198870ccc5040570d1bf056b2402fe8f0a59c2a326845955?s=96&d=mm&r=g\",\"url\":\"https:\\\/\\\/secure.gravatar.com\\\/avatar\\\/a41cf11cca3cc95e198870ccc5040570d1bf056b2402fe8f0a59c2a326845955?s=96&d=mm&r=g\",\"contentUrl\":\"https:\\\/\\\/secure.gravatar.com\\\/avatar\\\/a41cf11cca3cc95e198870ccc5040570d1bf056b2402fe8f0a59c2a326845955?s=96&d=mm&r=g\",\"caption\":\"website.integration\"},\"url\":\"https:\\\/\\\/alumniunige.ch\\\/en\\\/author\\\/website-integration\\\/\"}]}<\/script>\n<!-- \/ Yoast SEO plugin. -->","yoast_head_json":{"title":"\"T\u00e9moins de guerre\": rencontre - ALUMNI - UNIGE","robots":{"index":"index","follow":"follow","max-snippet":"max-snippet:-1","max-image-preview":"max-image-preview:large","max-video-preview":"max-video-preview:-1"},"canonical":"https:\/\/alumniunige.ch\/en\/temoins-de-guerre-rencontre\/","og_locale":"en_US","og_type":"article","og_title":"\"T\u00e9moins de guerre\": rencontre - ALUMNI - UNIGE","og_description":"De: jeudi 30 avril 2026 18:30 \u00e0 jeudi 30 avril 2026 20:00Rencontre avec Sylvie Lindeperg (Paris 1 Panth\u00e9on-Sorbonne) et Maurine Mercier (RTS)Entre reportage, propagande et fiction, les r\u00e9cits de guerre fa\u00e7onnent le sens des conflits. Comment documenter, transmettre et restituer ces m\u00e9moires multiples? La Haute \u00e9cole de musique offrira un accueil musical d\u00e8s 18h.Plus d'infosLieu: \u00a0Les D\u00e9lices, Rue des D\u00e9lices, 25Lien GoogleMap: Voir","og_url":"https:\/\/alumniunige.ch\/en\/temoins-de-guerre-rencontre\/","og_site_name":"ALUMNI - UNIGE","article_published_time":"2026-04-27T12:00:34+00:00","article_modified_time":"2026-04-27T15:01:05+00:00","og_image":[{"width":1140,"height":855,"url":"https:\/\/alumniunige.ch\/wp-content\/uploads\/2026\/04\/events_1615.png","type":"image\/png"}],"author":"website.integration","twitter_card":"summary_large_image","twitter_misc":{"Written by":"website.integration"},"schema":{"@context":"https:\/\/schema.org","@graph":[{"@type":"Article","@id":"https:\/\/alumniunige.ch\/en\/temoins-de-guerre-rencontre\/#article","isPartOf":{"@id":"https:\/\/alumniunige.ch\/en\/temoins-de-guerre-rencontre\/"},"author":{"name":"website.integration","@id":"https:\/\/alumniunige.ch\/#\/schema\/person\/7b36591277922527cb7e723b9c3d4627"},"headline":"&#8220;T\u00e9moins de guerre&#8221;: rencontre","datePublished":"2026-04-27T12:00:34+00:00","dateModified":"2026-04-27T15:01:05+00:00","mainEntityOfPage":{"@id":"https:\/\/alumniunige.ch\/en\/temoins-de-guerre-rencontre\/"},"wordCount":86,"image":{"@id":"https:\/\/alumniunige.ch\/en\/temoins-de-guerre-rencontre\/#primaryimage"},"thumbnailUrl":"https:\/\/alumniunige.ch\/wp-content\/uploads\/2026\/04\/events_1615.png","articleSection":["EVENTS"],"inLanguage":"en-US"},{"@type":"WebPage","@id":"https:\/\/alumniunige.ch\/en\/temoins-de-guerre-rencontre\/","url":"https:\/\/alumniunige.ch\/en\/temoins-de-guerre-rencontre\/","name":"\"T\u00e9moins de guerre\": rencontre - ALUMNI - UNIGE","isPartOf":{"@id":"https:\/\/alumniunige.ch\/#website"},"primaryImageOfPage":{"@id":"https:\/\/alumniunige.ch\/en\/temoins-de-guerre-rencontre\/#primaryimage"},"image":{"@id":"https:\/\/alumniunige.ch\/en\/temoins-de-guerre-rencontre\/#primaryimage"},"thumbnailUrl":"https:\/\/alumniunige.ch\/wp-content\/uploads\/2026\/04\/events_1615.png","datePublished":"2026-04-27T12:00:34+00:00","dateModified":"2026-04-27T15:01:05+00:00","author":{"@id":"https:\/\/alumniunige.ch\/#\/schema\/person\/7b36591277922527cb7e723b9c3d4627"},"breadcrumb":{"@id":"https:\/\/alumniunige.ch\/en\/temoins-de-guerre-rencontre\/#breadcrumb"},"inLanguage":"en-US","potentialAction":[{"@type":"ReadAction","target":["https:\/\/alumniunige.ch\/en\/temoins-de-guerre-rencontre\/"]}]},{"@type":"ImageObject","inLanguage":"en-US","@id":"https:\/\/alumniunige.ch\/en\/temoins-de-guerre-rencontre\/#primaryimage","url":"https:\/\/alumniunige.ch\/wp-content\/uploads\/2026\/04\/events_1615.png","contentUrl":"https:\/\/alumniunige.ch\/wp-content\/uploads\/2026\/04\/events_1615.png","width":1140,"height":855},{"@type":"BreadcrumbList","@id":"https:\/\/alumniunige.ch\/en\/temoins-de-guerre-rencontre\/#breadcrumb","itemListElement":[{"@type":"ListItem","position":1,"name":"Startseite","item":"https:\/\/alumniunige.ch\/en\/"},{"@type":"ListItem","position":2,"name":"&#8220;T\u00e9moins de guerre&#8221;: rencontre"}]},{"@type":"WebSite","@id":"https:\/\/alumniunige.ch\/#website","url":"https:\/\/alumniunige.ch\/","name":"ALUMNI - UNIGE","description":"Universit\u00e9 de Gen\u00e8ve","potentialAction":[{"@type":"SearchAction","target":{"@type":"EntryPoint","urlTemplate":"https:\/\/alumniunige.ch\/?s={search_term_string}"},"query-input":{"@type":"PropertyValueSpecification","valueRequired":true,"valueName":"search_term_string"}}],"inLanguage":"en-US"},{"@type":"Person","@id":"https:\/\/alumniunige.ch\/#\/schema\/person\/7b36591277922527cb7e723b9c3d4627","name":"website.integration","image":{"@type":"ImageObject","inLanguage":"en-US","@id":"https:\/\/secure.gravatar.com\/avatar\/a41cf11cca3cc95e198870ccc5040570d1bf056b2402fe8f0a59c2a326845955?s=96&d=mm&r=g","url":"https:\/\/secure.gravatar.com\/avatar\/a41cf11cca3cc95e198870ccc5040570d1bf056b2402fe8f0a59c2a326845955?s=96&d=mm&r=g","contentUrl":"https:\/\/secure.gravatar.com\/avatar\/a41cf11cca3cc95e198870ccc5040570d1bf056b2402fe8f0a59c2a326845955?s=96&d=mm&r=g","caption":"website.integration"},"url":"https:\/\/alumniunige.ch\/en\/author\/website-integration\/"}]}},"_links":{"self":[{"href":"https:\/\/alumniunige.ch\/en\/wp-json\/wp\/v2\/posts\/163676","targetHints":{"allow":["GET"]}}],"collection":[{"href":"https:\/\/alumniunige.ch\/en\/wp-json\/wp\/v2\/posts"}],"about":[{"href":"https:\/\/alumniunige.ch\/en\/wp-json\/wp\/v2\/types\/post"}],"author":[{"embeddable":true,"href":"https:\/\/alumniunige.ch\/en\/wp-json\/wp\/v2\/users\/8"}],"replies":[{"embeddable":true,"href":"https:\/\/alumniunige.ch\/en\/wp-json\/wp\/v2\/comments?post=163676"}],"version-history":[{"count":1,"href":"https:\/\/alumniunige.ch\/en\/wp-json\/wp\/v2\/posts\/163676\/revisions"}],"predecessor-version":[{"id":163692,"href":"https:\/\/alumniunige.ch\/en\/wp-json\/wp\/v2\/posts\/163676\/revisions\/163692"}],"wp:featuredmedia":[{"embeddable":true,"href":"https:\/\/alumniunige.ch\/en\/wp-json\/wp\/v2\/media\/163674"}],"wp:attachment":[{"href":"https:\/\/alumniunige.ch\/en\/wp-json\/wp\/v2\/media?parent=163676"}],"wp:term":[{"taxonomy":"category","embeddable":true,"href":"https:\/\/alumniunige.ch\/en\/wp-json\/wp\/v2\/categories?post=163676"},{"taxonomy":"post_tag","embeddable":true,"href":"https:\/\/alumniunige.ch\/en\/wp-json\/wp\/v2\/tags?post=163676"}],"curies":[{"name":"wp","href":"https:\/\/api.w.org\/{rel}","templated":true}]}}